{"id":3184,"date":"2019-04-05T17:48:24","date_gmt":"2019-04-05T16:48:24","guid":{"rendered":"http:\/\/www.lagota.ch\/?p=3184"},"modified":"2019-04-05T17:48:24","modified_gmt":"2019-04-05T16:48:24","slug":"klimademo-climateeventluzern-am-6-april-in-luzern","status":"publish","type":"post","link":"https:\/\/www.lagota.ch\/?p=3184","title":{"rendered":"Klimademo #ClimateEventLuzern am 6. April in Luzern"},"content":{"rendered":"<p><a href=\"https:\/\/www.lagota.ch\/wp-content\/uploads\/klimademo2.jpg\"><img loading=\"lazy\" decoding=\"async\" class=\"alignnone size-medium wp-image-3185\" src=\"https:\/\/www.lagota.ch\/wp-content\/uploads\/klimademo2-225x300.jpg\" alt=\"klimademo2\" width=\"225\" height=\"300\" srcset=\"https:\/\/www.lagota.ch\/wp-content\/uploads\/klimademo2-225x300.jpg 225w, https:\/\/www.lagota.ch\/wp-content\/uploads\/klimademo2.jpg 723w\" sizes=\"auto, (max-width: 225px) 100vw, 225px\" \/><\/a><\/p>\n<p>Am 6.4 ist es wieder soweit!<br \/>\nNachdem der Luzerner Kantonsrat die \u00fcberf\u00e4lligen Anliegen als nicht dringend eingestuft hat, gehen wir wiederholt auf die Strasse. Wir haben nun genug lange alles nach hinten verschoben, so lange dass es nun schon von den Schultern der Kinder getragen werden muss!<br \/>\nNehmt eure Eltern, Mitsch\u00fcler*innen, Bekannten, und Nachbarn.<br \/>\nUnd beim Lehrbetrieb nachfragen, ob ihr f\u00fcr eure Zukunft einstehen d\u00fcrft ist nat\u00fcrlich auch gern gesehen.<br \/>\nTreffpunk: 6.4.2019 14:00 Uhr beim Pavillon am Nationalquai in Luzern.<\/p>\n","protected":false},"excerpt":{"rendered":"<p>Am 6.4 ist es wieder soweit!<br \/>\nNachdem der Luzerner Kantonsrat die \u00fcberf\u00e4lligen Anliegen als nicht dringend eingestuft hat, gehen wir wiederholt auf die Strasse. Wir haben nun genug lange alles nach hinten verschoben, so lange dass es nun schon von den Schultern der Kinder getragen werden muss!<br \/>\nNehmt eure Eltern, Mitsch\u00fcler*innen, Bekannten, und Nachbarn.<br \/>\nUnd beim Lehrbetrieb nachfragen, ob ihr f\u00fcr eure Zukunft einstehen d\u00fcrft ist nat\u00fcrlich auch gern gesehen.<br \/>\nTreffpunk: 6.4.2019 14:00 Uhr beim Pavillon am Nationalquai in Luzern. <a href=\"https:\/\/www.lagota.ch\/?p=3184\">Continue reading <span class=\"meta-nav\">&rarr;<\/span><\/a><\/p>\n","protected":false},"author":1,"featured_media":0,"comment_status":"closed","ping_status":"open","sticky":false,"template":"","format":"standard","meta":{"footnotes":""},"categories":[11,21,4],"tags":[66,1123,1148,1135],"class_list":["post-3184","post","type-post","status-publish","format-standard","hentry","category-luzern","category-okologie","category-veranstaltung","tag-demo","tag-klima","tag-luzern","tag-schulerstreik"],"_links":{"self":[{"href":"https:\/\/www.lagota.ch\/index.php?rest_route=\/wp\/v2\/posts\/3184","targetHints":{"allow":["GET"]}}],"collection":[{"href":"https:\/\/www.lagota.ch\/index.php?rest_route=\/wp\/v2\/posts"}],"about":[{"href":"https:\/\/www.lagota.ch\/index.php?rest_route=\/wp\/v2\/types\/post"}],"author":[{"embeddable":true,"href":"https:\/\/www.lagota.ch\/index.php?rest_route=\/wp\/v2\/users\/1"}],"replies":[{"embeddable":true,"href":"https:\/\/www.lagota.ch\/index.php?rest_route=%2Fwp%2Fv2%2Fcomments&post=3184"}],"version-history":[{"count":1,"href":"https:\/\/www.lagota.ch\/index.php?rest_route=\/wp\/v2\/posts\/3184\/revisions"}],"predecessor-version":[{"id":3186,"href":"https:\/\/www.lagota.ch\/index.php?rest_route=\/wp\/v2\/posts\/3184\/revisions\/3186"}],"wp:attachment":[{"href":"https:\/\/www.lagota.ch\/index.php?rest_route=%2Fwp%2Fv2%2Fmedia&parent=3184"}],"wp:term":[{"taxonomy":"category","embeddable":true,"href":"https:\/\/www.lagota.ch\/index.php?rest_route=%2Fwp%2Fv2%2Fcategories&post=3184"},{"taxonomy":"post_tag","embeddable":true,"href":"https:\/\/www.lagota.ch\/index.php?rest_route=%2Fwp%2Fv2%2Ftags&post=3184"}],"curies":[{"name":"wp","href":"https:\/\/api.w.org\/{rel}","templated":true}]}}