{"id":3193,"date":"2019-04-29T09:42:34","date_gmt":"2019-04-29T08:42:34","guid":{"rendered":"http:\/\/www.lagota.ch\/?p=3193"},"modified":"2019-04-29T09:42:34","modified_gmt":"2019-04-29T08:42:34","slug":"erfolgreiche-demo-fur-ein-solidarisches-klima-in-luzern","status":"publish","type":"post","link":"https:\/\/www.lagota.ch\/?p=3193","title":{"rendered":"Erfolgreiche Demo f\u00fcr ein solidarisches Klima in Luzern"},"content":{"rendered":"<div class=\"chapo\">\n<p><strong>Am Samstag, 27. April 2019 gingen in Luzern rund 400 Personen f\u00fcr ein solidarisches Klima auf die Strasse. Obwohl die Organisator*innen, die Gruppe RESolut und der Verein solidarisches Luzern, die Klimastreiks ausdr\u00fccklich unterst\u00fctzen, glauben sie, dass der Klimawandel nicht isoliert betrachtet werden kann, sondern in den Kontext der herrschenden Umst\u00e4nde, n\u00e4mlich dem Kapitalismus und der Nationalstaaten gestellt werden muss.<\/strong><\/p>\n<\/div>\n<div>\n<p><strong><\/p>\n<p>Fest beim Pavillon und Umzug durch die Stadt<br \/>\n<\/strong><br class=\"autobr\" \/> Nach vier Jahren Unterbruch fand die alternative 1. Mai Demo dieses Jahr zum sechsten Mal statt. Das Fest begann bereits um 14 Uhr beim Kurplatz\/ Pavillon. Um 15:45 setzte sich der bewilligte Demonstrationszug dann in Bewegung. Er zog via L\u00f6wenplatz in die Hertensteinstrasse und von da in die R\u00f6ssligasse. Nach dem \u00dcberqueren der Rathausstegs f\u00fchrte die Route \u00fcber den Hirschengraben und die Winkelriedstrasse zum Helvetiaplatz und anschliessend \u00fcber die Bahnhofstrasse und die Seebr\u00fccke zur\u00fcck zum Pavillon. Beim Pavillon spielten dann noch lokale Bands bis um 22 Uhr.<\/p>\n<p><strong>Organisator*innen sind zufrieden<br \/>\n<\/strong><br class=\"autobr\" \/> Rund 400 Personen trotzten bei der ca. 8 St\u00fcndigen Kundgebung am Samstag dem schlechten Wetter. Damit seien die Organisator*innen sehr zufrieden. Es \u201estelle eine gute Basis f\u00fcr weitere Aktionen dar\u201c sagt die Mediensprecherin Mira Frei. Nun rufe die Gruppe RESolut zu einer offenen Sitzung am 2. Juni auf, wo weitere Aktionen geplant werden sollen und auch der Verein f\u00fcr ein solidarisches Luzern wird seine Aktivit\u00e4ten fortsetzen.<\/p>\n<p><strong>Wir glauben nicht an einen klimafreundlichen Kapitalismus<br \/>\n<\/strong><br class=\"autobr\" \/> Mira Frei ist \u00fcberzeugt davon, dass es keinen klimafreundlichen Kapitalismus gebe. \u00dcberproduktion und stetiges Wachstum seien Systemimmanent. Sie w\u00fcrden die Umwelt und somit die Lebensgrundlage aller Lebewesen auf der Welt zerst\u00f6ren. Denn auch darum geht es den Organisator*innen: \u201eWir wollen aufzeigen, dass der Klimawandel und die Not der Menschen eng miteinander verkn\u00fcpft sind, denn der Klimawandel trifft vorerst vor allem die \u00e4rmsten Menschen auf der Welt.\u201c<\/p>\n<\/div>\n","protected":false},"excerpt":{"rendered":"<p>Am Samstag, 27. April 2019 gingen in Luzern rund 400 Personen f\u00fcr ein solidarisches Klima auf die Strasse. Obwohl die Organisator*innen, die Gruppe RESolut und der Verein solidarisches Luzern, die Klimastreiks ausdr\u00fccklich unterst\u00fctzen, glauben sie, dass der Klimawandel nicht isoliert betrachtet werden kann, sondern in den Kontext der herrschenden Umst\u00e4nde, n\u00e4mlich dem Kapitalismus und der Nationalstaaten gestellt werden muss. <a href=\"https:\/\/www.lagota.ch\/?p=3193\">Continue reading <span class=\"meta-nav\">&rarr;<\/span><\/a><\/p>\n","protected":false},"author":1,"featured_media":0,"comment_status":"closed","ping_status":"open","sticky":false,"template":"","format":"standard","meta":{"footnotes":""},"categories":[14,274,11,21,4,108],"tags":[264,66,1148,504],"class_list":["post-3193","post","type-post","status-publish","format-standard","hentry","category-arbeitskampf","category-gentrifizierung","category-luzern","category-okologie","category-veranstaltung","category-wirtschaftskrise","tag-1-mai","tag-demo","tag-luzern","tag-pavillon"],"_links":{"self":[{"href":"https:\/\/www.lagota.ch\/index.php?rest_route=\/wp\/v2\/posts\/3193","targetHints":{"allow":["GET"]}}],"collection":[{"href":"https:\/\/www.lagota.ch\/index.php?rest_route=\/wp\/v2\/posts"}],"about":[{"href":"https:\/\/www.lagota.ch\/index.php?rest_route=\/wp\/v2\/types\/post"}],"author":[{"embeddable":true,"href":"https:\/\/www.lagota.ch\/index.php?rest_route=\/wp\/v2\/users\/1"}],"replies":[{"embeddable":true,"href":"https:\/\/www.lagota.ch\/index.php?rest_route=%2Fwp%2Fv2%2Fcomments&post=3193"}],"version-history":[{"count":1,"href":"https:\/\/www.lagota.ch\/index.php?rest_route=\/wp\/v2\/posts\/3193\/revisions"}],"predecessor-version":[{"id":3194,"href":"https:\/\/www.lagota.ch\/index.php?rest_route=\/wp\/v2\/posts\/3193\/revisions\/3194"}],"wp:attachment":[{"href":"https:\/\/www.lagota.ch\/index.php?rest_route=%2Fwp%2Fv2%2Fmedia&parent=3193"}],"wp:term":[{"taxonomy":"category","embeddable":true,"href":"https:\/\/www.lagota.ch\/index.php?rest_route=%2Fwp%2Fv2%2Fcategories&post=3193"},{"taxonomy":"post_tag","embeddable":true,"href":"https:\/\/www.lagota.ch\/index.php?rest_route=%2Fwp%2Fv2%2Ftags&post=3193"}],"curies":[{"name":"wp","href":"https:\/\/api.w.org\/{rel}","templated":true}]}}