{"id":3223,"date":"2019-06-21T09:09:23","date_gmt":"2019-06-21T08:09:23","guid":{"rendered":"http:\/\/www.lagota.ch\/?p=3223"},"modified":"2019-06-21T09:09:23","modified_gmt":"2019-06-21T08:09:23","slug":"basel-bleibt-nazifrei-demo-am-22-6","status":"publish","type":"post","link":"https:\/\/www.lagota.ch\/?p=3223","title":{"rendered":"Basel bleibt Nazifrei &#8211; Demo am 22.6"},"content":{"rendered":"<div class=\"chapo\">\n<p><strong>Die Demonstration baselnazifrei vom 24. November 2018 liegt nun schon ein halbes Jahr zur\u00fcck. Sie wird als ein starkes Zeichen gegen Faschismus und rechte Hetze im Ged\u00e4chtnis bleiben. Dank dem entschlossenen Widerstand von fast 2\u2019000 Menschen konnte verhindert werden, dass der \u00f6ffentliche Raum als B\u00fchne f\u00fcr Nazi-Propaganda genutzt wurde. Um dieses Ziel zu erreichen, mussten sich die Demonstrierenden \u00fcber die Weisungen der Polizei hinwegsetzen. Denn diese hatte der rechtsextremen PNOS eine Kundgebung auf dem Messeplatz bewilligt, w\u00e4hrend sie die Gegenveranstaltung nur an einem weit entfernten Ort erlaubte.<\/strong><\/p>\n<\/div>\n<div>\n<p><a href=\"https:\/\/www.lagota.ch\/wp-content\/uploads\/baselnazifrei2.png\"><img loading=\"lazy\" decoding=\"async\" class=\"alignnone size-medium wp-image-3224\" src=\"https:\/\/www.lagota.ch\/wp-content\/uploads\/baselnazifrei2-300x168.png\" alt=\"baselnazifrei2\" width=\"300\" height=\"168\" srcset=\"https:\/\/www.lagota.ch\/wp-content\/uploads\/baselnazifrei2-300x168.png 300w, https:\/\/www.lagota.ch\/wp-content\/uploads\/baselnazifrei2.png 710w\" sizes=\"auto, (max-width: 300px) 100vw, 300px\" \/><\/a><\/p>\n<p>Monate sp\u00e4ter dringen Polizist*innen im Auftrag der Staatsanwaltschaft Basel fr\u00fchmorgens in zahlreiche Wohnungen ein. Das Ziel: Verschiedene Einzelpersonen, denen vorgeworfen wird, an diesem Tag gegen die PNOS auf der Strasse gewesen zu sein. Innerhalb weniger Wochen kommt es in Basel und anderen Kantonen zu \u00fcber zwanzig solcher Hausdurchsuchungen und zu Festnahmen. Manche werden bis zu 48 Stunden auf der Polizeistation behalten \u2013 die beantragte Untersuchungshaft wird vom Zwangsmassnahmengericht aber abgelehnt. Auffallend ist auch, dass ausl\u00e4ndische Verhaftete auf dem Posten zus\u00e4tzlichen Schikanen ausgesetzt waren, wie z.B. rassistischen Beleidigungen.<\/p>\n<p>Die Vorw\u00fcrfe sind bei vielen eher unbedeutend: Das halten eines Transpis an einer unbewilligten Demonstration ist offenbar f\u00fcr die Staatsanwaltschaft Grund genug f\u00fcr eine Hausdurchsuchung. Anderen wird vorgeworfen, in t\u00e4tliche Auseinandersetzungen mit Neonazis verwickelt gewesen zu sein, oder an der Eskalation mit der Polizei beteiligt gewesen zu sein. Diese Eskalation erfolgte erst, nachdem seitens der Basler Polizei wieder einmal ein exemplarischer Gummischrot-Einsatz ausgef\u00fchrt wurde.<span class=\"spip_note_ref\"> [<a id=\"nh1\" class=\"spip_note\" href=\"https:\/\/barrikade.info\/article\/2342#nb1\" rel=\"footnote\">1<\/a>]<\/span> Geschossen wurde willk\u00fcrlich und aus geringer Distanz, sowie auf Kopfh\u00f6he. Dabei wurden durch das Gummischrot mehrere Personen am Auge verletzt, eine davon so schwer, dass sie m\u00f6glicherweise ein Leben lang gesch\u00e4digt bleiben wird.<\/p>\n<p>Mittels umfangreicher Videoaufnahmen und anhand von beschlagnahmten Kleidungsst\u00fccken versucht die Staatsanwaltschaft nun mit grosser Energie die linken Demonstrant*innen mit Strafverfahren einzudecken.<\/p>\n<p>Wir sehen diese Verfahren als klaren Einsch\u00fcchterungsversuch und als politisches Zeichen seitens der Staatsanwaltschaft Basel: die grosse antifaschistische Mobilisierung vom 24. November soll kriminalisiert werden. Das passt in eine seit einigen Jahren versch\u00e4rfte Praxis gegen soziale Bewegungen.<span class=\"spip_note_ref\"> [<a id=\"nh2\" class=\"spip_note\" title=\"So haben jetzt auch mehrere Personen einen Strafbefehl bez\u00fcglich einer (...)\" href=\"https:\/\/barrikade.info\/article\/2342#nb2\" rel=\"footnote\">2<\/a>]<\/span> Die Repression trifft nun Einzelne, aber gemeint sind alle, die damals auf der Strasse engagiert waren, um den Neonazis die Plattform zu nehmen. Wir solidarisieren uns mit den von dieser Repression betroffenen Menschen, unabh\u00e4ngig der vorgebrachten Vorw\u00fcrfe.<\/p>\n<p>Die Ereignisse der letzten Monate (\u201cKu-Klux-Klan\u201d-Auftritt und \u201cCombat 18\u201d in Schwyz, die Ergebnisse der Europawahlen oder die rechtsextreme Basler Chat-Gruppe mit Schusswaffen und \u201cAusrottungs\u201d-Phantasien<span class=\"spip_note_ref\"> [<a id=\"nh3\" class=\"spip_note\" href=\"https:\/\/barrikade.info\/article\/2342#nb3\" rel=\"footnote\">3<\/a>]<\/span>) zeigen, dass es gerade jetzt sehr wichtig ist, eine entschlossene Antwort auf rechtsextreme Umtriebe zu haben.<\/p>\n<p><strong class=\"caractencadre-spip spip\">Lasst uns deshalb am 22. Juni gemeinsam auf die Strasse gehen, um den antifaschistischen Widerstand zu st\u00e4rken und uns gegen die Kriminalisierung von baselnazifrei zu stellen. Basel bleibt dabei: Kein Platz f\u00fcr Nazis!<\/strong><\/p>\n<h3 class=\"spip\">DEMO: Samstag, 22. Juni 2019, 14:00 Uhr, De-Wette Park, Basel<\/p>\n<p>Quelle: <a href=\"https:\/\/barrikade.info\/article\/2342\">https:\/\/barrikade.info\/article\/2342<\/a><\/h3>\n<\/div>\n","protected":false},"excerpt":{"rendered":"<p>Die Demonstration baselnazifrei vom 24. November 2018 liegt nun schon ein halbes Jahr zur\u00fcck. Sie wird als ein starkes Zeichen gegen Faschismus und rechte Hetze im Ged\u00e4chtnis bleiben. Dank dem entschlossenen Widerstand von fast 2\u2019000 Menschen konnte verhindert werden, dass der \u00f6ffentliche Raum als B\u00fchne f\u00fcr Nazi-Propaganda genutzt wurde. Um dieses Ziel zu erreichen, mussten sich die Demonstrierenden \u00fcber die Weisungen der Polizei hinwegsetzen. Denn diese hatte der rechtsextremen PNOS eine Kundgebung auf dem Messeplatz bewilligt, w\u00e4hrend sie die Gegenveranstaltung nur an einem weit entfernten Ort erlaubte. <a href=\"https:\/\/www.lagota.ch\/?p=3223\">Continue reading <span class=\"meta-nav\">&rarr;<\/span><\/a><\/p>\n","protected":false},"author":1,"featured_media":0,"comment_status":"closed","ping_status":"open","sticky":false,"template":"","format":"standard","meta":{"footnotes":""},"categories":[13,49,16,4],"tags":[1149,67,627,24,27],"class_list":["post-3223","post","type-post","status-publish","format-standard","hentry","category-antifa","category-antirep","category-schweiz","category-veranstaltung","tag-antifa","tag-basel","tag-nazifrei","tag-polizei","tag-repression"],"_links":{"self":[{"href":"https:\/\/www.lagota.ch\/index.php?rest_route=\/wp\/v2\/posts\/3223","targetHints":{"allow":["GET"]}}],"collection":[{"href":"https:\/\/www.lagota.ch\/index.php?rest_route=\/wp\/v2\/posts"}],"about":[{"href":"https:\/\/www.lagota.ch\/index.php?rest_route=\/wp\/v2\/types\/post"}],"author":[{"embeddable":true,"href":"https:\/\/www.lagota.ch\/index.php?rest_route=\/wp\/v2\/users\/1"}],"replies":[{"embeddable":true,"href":"https:\/\/www.lagota.ch\/index.php?rest_route=%2Fwp%2Fv2%2Fcomments&post=3223"}],"version-history":[{"count":1,"href":"https:\/\/www.lagota.ch\/index.php?rest_route=\/wp\/v2\/posts\/3223\/revisions"}],"predecessor-version":[{"id":3225,"href":"https:\/\/www.lagota.ch\/index.php?rest_route=\/wp\/v2\/posts\/3223\/revisions\/3225"}],"wp:attachment":[{"href":"https:\/\/www.lagota.ch\/index.php?rest_route=%2Fwp%2Fv2%2Fmedia&parent=3223"}],"wp:term":[{"taxonomy":"category","embeddable":true,"href":"https:\/\/www.lagota.ch\/index.php?rest_route=%2Fwp%2Fv2%2Fcategories&post=3223"},{"taxonomy":"post_tag","embeddable":true,"href":"https:\/\/www.lagota.ch\/index.php?rest_route=%2Fwp%2Fv2%2Ftags&post=3223"}],"curies":[{"name":"wp","href":"https:\/\/api.w.org\/{rel}","templated":true}]}}