{"id":3226,"date":"2019-06-24T08:44:08","date_gmt":"2019-06-24T07:44:08","guid":{"rendered":"http:\/\/www.lagota.ch\/?p=3226"},"modified":"2019-06-24T08:44:08","modified_gmt":"2019-06-24T07:44:08","slug":"kommunique-basel-bleibt-nazifrei","status":"publish","type":"post","link":"https:\/\/www.lagota.ch\/?p=3226","title":{"rendered":"Kommuniqu\u00e9: Basel bleibt nazifrei"},"content":{"rendered":"<div>\n<p>Am 22. Juni waren rund 700 Menschen unter dem Motto \u201cBasel bleibt nazifrei\u201d auf der Strasse. in Zeiten des weltweiten Aufschwungs faschistischer Bewegungen war das ein wichtiges Zeichen und eine St\u00e4rkung des ausserparlamentarisch organisierten Antifaschismus. Zudem war die Demonstration eine Reaktion auf die Kriminalisierung von Antifaschist*innen, welche letzten November gegen die Pnos demonstriert hatten.<\/p>\n<p>Die Demo zog vom De Wette Park Richtung Basler Innenstadt. Auf dem Bankverein gab es eine Aktion gegen die Credit Suisse. Mit Transpis, Pyros und einer Rede wurde auf die Verstrickung der Credit Suisse mit dem t\u00fcrkischen Faschismus aufmerksam gemacht. Dabei wurde auch die Notwendigkeit eines internationalistischen Antifaschismus betont. Die Demo zog mit einer k\u00e4mpferischen Stimmung und Feuerwerk durch die Basler Innenstadt. Im Kleinbasel wurde von einem Bauger\u00fcst ein Transpi (Solidarit\u00e4t isch e Waffe) geh\u00e4ngt. Die Demo endete auf dem Theodorskirchplatz, wo ein grosses Bild (Basel bleibt Nazifrei) gesprayt wurde.<\/p>\n<p>W\u00e4hrend die Staatsanwaltschaft versucht hat uns einzusch\u00fcchtern und zu spalten, haben wir gezeigt, dass das nicht funktioniert. Ein Angriff gegen Einzelne, ist ein Angriff gegen uns alle. Wir sehen die gestrige Demo als einen st\u00e4rkenden Moment.<\/p>\n<p>Darauf k\u00f6nnen und werden wir aufbauen. F\u00fcr eine solidarische und k\u00e4mpferische Zukunft.<\/p>\n<figure class=\"spip_document_3791\">\n<div class=\"limage\"><img loading=\"lazy\" decoding=\"async\" class=\"img-fluid\" src=\"https:\/\/publish.barrikade.info\/home\/chroot_ml\/ml-barrikade\/ml-barrikade\/public_html\/IMG\/jpg\/sehu.jpg\" alt=\"JPEG - 4.5\u00a0MB\" width=\"965\" height=\"646\" \/><\/div><figcaption> <\/figcaption><\/figure>\n<figure class=\"spip_document_3792\">\n<div class=\"limage\"><img loading=\"lazy\" decoding=\"async\" class=\"img-fluid\" src=\"https:\/\/publish.barrikade.info\/home\/chroot_ml\/ml-barrikade\/ml-barrikade\/public_html\/IMG\/jpg\/finnal1.jpg\" alt=\"JPEG - 4\u00a0MB\" width=\"928\" height=\"539\" \/><\/div><figcaption> <\/figcaption><\/figure>\n<figure class=\"spip_document_3793\">\n<div class=\"limage\"><img loading=\"lazy\" decoding=\"async\" class=\"img-fluid\" src=\"https:\/\/publish.barrikade.info\/home\/chroot_ml\/ml-barrikade\/ml-barrikade\/public_html\/IMG\/jpg\/finel2.jpg\" alt=\"JPEG - 4.2\u00a0MB\" width=\"1001\" height=\"650\" \/><\/div><figcaption> <\/figcaption><\/figure>\n<figure class=\"spip_document_3794\">\n<div class=\"limage\"><img loading=\"lazy\" decoding=\"async\" class=\"img-fluid\" src=\"https:\/\/publish.barrikade.info\/home\/chroot_ml\/ml-barrikade\/ml-barrikade\/public_html\/IMG\/jpg\/sadf.jpg\" alt=\"JPEG - 2.8\u00a0MB\" width=\"1054\" height=\"302\" \/><\/div><figcaption> <\/figcaption><\/figure>\n<\/div>\n<div class=\"ps\">\n<h4>P.S.<\/h4>\n<div>\n<p>Falls auch du von der Repression im Zusammenhang mit #baselnazifrei betroffen bist, melde dich bei Antirep Basel. Schauen wir kollektiv, dass wir uns sowohl juristisch, wie politisch verteidigen!<\/p>\n<\/div>\n<\/div>\n","protected":false},"excerpt":{"rendered":"<p>Am 22. Juni waren rund 700 Menschen unter dem Motto \u201cBasel bleibt nazifrei\u201d auf der Strasse. in Zeiten des weltweiten Aufschwungs faschistischer Bewegungen war das ein wichtiges Zeichen und eine St\u00e4rkung des ausserparlamentarisch organisierten Antifaschismus. Zudem war die Demonstration eine Reaktion auf die Kriminalisierung von Antifaschist*innen, welche letzten November gegen die Pnos demonstriert hatten. <a href=\"https:\/\/www.lagota.ch\/?p=3226\">Continue reading <span class=\"meta-nav\">&rarr;<\/span><\/a><\/p>\n","protected":false},"author":1,"featured_media":0,"comment_status":"closed","ping_status":"open","sticky":false,"template":"","format":"standard","meta":{"footnotes":""},"categories":[13,328,16],"tags":[67,66,627,27],"class_list":["post-3226","post","type-post","status-publish","format-standard","hentry","category-antifa","category-antira","category-schweiz","tag-basel","tag-demo","tag-nazifrei","tag-repression"],"_links":{"self":[{"href":"https:\/\/www.lagota.ch\/index.php?rest_route=\/wp\/v2\/posts\/3226","targetHints":{"allow":["GET"]}}],"collection":[{"href":"https:\/\/www.lagota.ch\/index.php?rest_route=\/wp\/v2\/posts"}],"about":[{"href":"https:\/\/www.lagota.ch\/index.php?rest_route=\/wp\/v2\/types\/post"}],"author":[{"embeddable":true,"href":"https:\/\/www.lagota.ch\/index.php?rest_route=\/wp\/v2\/users\/1"}],"replies":[{"embeddable":true,"href":"https:\/\/www.lagota.ch\/index.php?rest_route=%2Fwp%2Fv2%2Fcomments&post=3226"}],"version-history":[{"count":1,"href":"https:\/\/www.lagota.ch\/index.php?rest_route=\/wp\/v2\/posts\/3226\/revisions"}],"predecessor-version":[{"id":3227,"href":"https:\/\/www.lagota.ch\/index.php?rest_route=\/wp\/v2\/posts\/3226\/revisions\/3227"}],"wp:attachment":[{"href":"https:\/\/www.lagota.ch\/index.php?rest_route=%2Fwp%2Fv2%2Fmedia&parent=3226"}],"wp:term":[{"taxonomy":"category","embeddable":true,"href":"https:\/\/www.lagota.ch\/index.php?rest_route=%2Fwp%2Fv2%2Fcategories&post=3226"},{"taxonomy":"post_tag","embeddable":true,"href":"https:\/\/www.lagota.ch\/index.php?rest_route=%2Fwp%2Fv2%2Ftags&post=3226"}],"curies":[{"name":"wp","href":"https:\/\/api.w.org\/{rel}","templated":true}]}}