{"id":3229,"date":"2019-06-26T13:22:37","date_gmt":"2019-06-26T12:22:37","guid":{"rendered":"http:\/\/www.lagota.ch\/?p=3229"},"modified":"2019-06-26T13:22:37","modified_gmt":"2019-06-26T12:22:37","slug":"medienmitteilung-gundula-enteignung-statt-abriss","status":"publish","type":"post","link":"https:\/\/www.lagota.ch\/?p=3229","title":{"rendered":"Medienmitteilung: Gundula \u2013 Enteignung statt Abriss!"},"content":{"rendered":"<div class=\"entry-content\">\n<p align=\"LEFT\"><strong>Am Dienstag Abend, dem 25. Juni 2019 haben mehrere Mitglieder der Gruppe RESolut vor den beiden ehemals besetzten H\u00e4usern an der Obergrundstrasse mit einem Transpi protestiert. Damit fordern wir die Enteignung Jorgen Bodums und ein Ende eines Trauerspiels, das schon viel zu lange dauert.<\/strong><\/p>\n<p align=\"LEFT\">Die sogenannten Bodum Villen an der Obergrundstrasse 99 und 101 stehen seit langem leer und befinden sich im Besitz des d\u00e4nischen Teeladeninhabers Jorgen Bodum. Sie wurden 2016 und 2017 besetzt.<\/p>\n<p align=\"LEFT\">Im Falle der Obergrundstrasse 99 versprach Bodum im Fr\u00fchjahr 2016 eine, nach seinen Aussagen, wichtige Asbestsanierung, welche die Besetzer*innen schliesslich davon \u00fcberzeugte, das Haus zu verlassen. Jorgen Bodum hatte aber nie im Sinne das Haus zu renovieren. Anstatt die versprochene Asbestsanierung fachm\u00e4nnisch durchzuf\u00fchren, wurden kurzerhand die Ziegel auf dem Dach entfernt und dieses notd\u00fcrftig mit Blachen abgedeckt. Bereits 2017 haben Aktivist*innen Bilder von den Zimmern in der Obergrundstrasse ver\u00f6ffentlicht, welche klarmachen, dass das Haus, welches 2016 noch tipptopp bewohnbar war, in nur einem Jahr mutwillig zerst\u00f6rt wurde.<\/p>\n<p align=\"LEFT\">Aus den falschen Versprechen von 2016 gelernt, weigerten sich die Besetzer*innen 2017 die Obergrundstrasse 101 freiwillig zu r\u00e4umen und wurden in der Folge in einer \u00e4usserst brutalen Aktion der Sondereinheit Luchs ger\u00e4umt, bei welcher mehrere Personen verletzt und teilweise traumatisiert wurden.<\/p>\n<p align=\"LEFT\">\u00dcberhaupt spielten die Stadt und die Polizei in der ganzen Angelegenheit eine unr\u00fchmliche Rolle. Die zust\u00e4ndige Baudirektorin, Manuela Jost hat komplett versagt. Sie hat sich von den falschen Versprechungen Bodums blenden lassen und schlecht verhandelt. Wir sind traurig und w\u00fctend, dass sich die Stadt Luzern nicht f\u00fcr die Anliegen einer breiten Bewegung eingesetzt hat. Eine grossartige Zwischennutzung von mittlerweile \u00fcber drei Jahren w\u00e4re m\u00f6glich gewesen. Stattdessen hat die Stadt den Abriss der Obergrundstrasse 99, welche in der Ortsbildschutzzone steht, mittlerweile bewilligt.<\/p>\n<p align=\"LEFT\">Man k\u00f6nnte meinen, dass Bodum sich verzockt hat, als er die beiden H\u00e4user, die eigentlich nicht abgerissen werden d\u00fcrfen, zu einem \u00fcberrissenen Preis gekauft hat. Aber es zeigt, wie eine reiche Person die ganze Stadt im W\u00fcrgegriff und die beiden H\u00e4user als Geiseln h\u00e4lt. Wir fordern, dass diesem Treiben endlich Einhalt geboten wird! Mit seinem Verhalten handelt Jorgen Bodum in krasser Weise gegen die Bed\u00fcrfnisse der Bev\u00f6lkerung nach Lebensraum in der Stadt Luzern. Wir verlangen deshalb, dass Bodum entsch\u00e4digungslos enteignet und die H\u00e4user der Bev\u00f6lkerung zur Verf\u00fcgung gestellt werden.<\/p>\n<p align=\"LEFT\">Ausserdem fordern wir, dass die immer noch laufenden, l\u00e4cherlichen Verfahren im Zusammenhang mit den beiden Besetzungen endlich eingestellt und die Verfahrenskosten auf Bodum \u00fcberw\u00e4lzt werden.<\/p>\n<p align=\"LEFT\">Die ganze Posse zeigt einmal mehr, dass nicht Eigentum einiger Weniger das h\u00f6chste Gut sein sollte, sondern das Wohlergehen der Bev\u00f6lkerung. Dass einige wenige Eigent\u00fcmer aus der Not und dem Bed\u00fcrfnis aller Menschen nach Wohnraum Profit schlagen und die Preise immer weiter in die H\u00f6he treiben, ist ein weiterer perverser Auswuchs des Kapitalismus. Wir rufen deshalb alle auf, sich mit uns zusammenzusetzen, um gemeinsam Alternativen zu entwickeln.<\/p>\n<p align=\"LEFT\">Die H\u00e4user denen, die sie bewohnen!<br \/>\nF\u00fcr alternative Freir\u00e4ume!<br \/>\nBodum hau ab!<\/p>\n<p align=\"LEFT\"><img loading=\"lazy\" decoding=\"async\" class=\"alignnone size-medium wp-image-105\" src=\"https:\/\/resolut.noblogs.org\/files\/2019\/06\/Gundula-Aktion-300x169.jpg\" alt=\"\" width=\"300\" height=\"169\" \/><\/p>\n<p>Quelle: <a href=\"http:\/\/www.resolut.tk\/\">http:\/\/www.resolut.tk\/<\/a><\/p>\n<\/div>\n","protected":false},"excerpt":{"rendered":"<p>Am Dienstag Abend, dem 25. Juni 2019 haben mehrere Mitglieder der Gruppe RESolut vor den beiden ehemals besetzten H\u00e4usern an der Obergrundstrasse mit einem Transpi protestiert. Damit fordern wir die Enteignung Jorgen Bodums und ein Ende eines Trauerspiels, das schon viel zu lange dauert. <a href=\"https:\/\/www.lagota.ch\/?p=3229\">Continue reading <span class=\"meta-nav\">&rarr;<\/span><\/a><\/p>\n","protected":false},"author":1,"featured_media":0,"comment_status":"closed","ping_status":"open","sticky":false,"template":"","format":"standard","meta":{"footnotes":""},"categories":[11,18],"tags":[883,1143,486,881],"class_list":["post-3229","post","type-post","status-publish","format-standard","hentry","category-luzern","category-squat-the-world","tag-bodum","tag-enteignung","tag-freiraume","tag-gundula"],"_links":{"self":[{"href":"https:\/\/www.lagota.ch\/index.php?rest_route=\/wp\/v2\/posts\/3229","targetHints":{"allow":["GET"]}}],"collection":[{"href":"https:\/\/www.lagota.ch\/index.php?rest_route=\/wp\/v2\/posts"}],"about":[{"href":"https:\/\/www.lagota.ch\/index.php?rest_route=\/wp\/v2\/types\/post"}],"author":[{"embeddable":true,"href":"https:\/\/www.lagota.ch\/index.php?rest_route=\/wp\/v2\/users\/1"}],"replies":[{"embeddable":true,"href":"https:\/\/www.lagota.ch\/index.php?rest_route=%2Fwp%2Fv2%2Fcomments&post=3229"}],"version-history":[{"count":1,"href":"https:\/\/www.lagota.ch\/index.php?rest_route=\/wp\/v2\/posts\/3229\/revisions"}],"predecessor-version":[{"id":3230,"href":"https:\/\/www.lagota.ch\/index.php?rest_route=\/wp\/v2\/posts\/3229\/revisions\/3230"}],"wp:attachment":[{"href":"https:\/\/www.lagota.ch\/index.php?rest_route=%2Fwp%2Fv2%2Fmedia&parent=3229"}],"wp:term":[{"taxonomy":"category","embeddable":true,"href":"https:\/\/www.lagota.ch\/index.php?rest_route=%2Fwp%2Fv2%2Fcategories&post=3229"},{"taxonomy":"post_tag","embeddable":true,"href":"https:\/\/www.lagota.ch\/index.php?rest_route=%2Fwp%2Fv2%2Ftags&post=3229"}],"curies":[{"name":"wp","href":"https:\/\/api.w.org\/{rel}","templated":true}]}}