{"id":3231,"date":"2019-07-02T12:06:04","date_gmt":"2019-07-02T11:06:04","guid":{"rendered":"http:\/\/www.lagota.ch\/?p=3231"},"modified":"2019-07-02T12:06:04","modified_gmt":"2019-07-02T11:06:04","slug":"demo-seenotrettung-muss-wieder-selbstverstandlich-werden-fotos","status":"publish","type":"post","link":"https:\/\/www.lagota.ch\/?p=3231","title":{"rendered":"Demo: Seenotrettung muss wieder selbstverst\u00e4ndlich werden! (+Fotos)"},"content":{"rendered":"<div class=\"entry-content\">\n<div data-contents=\"true\"><strong><span data-offset-key=\"84s1r-0-0\">Heute Abend (29.6) versammelten sich an die 100 Menschen am Theaterplatz zu einer spontanen Demonstration. Anlass zur Demonstration gab die Verhaftung der Kapit\u00e4nin Carola Rackete in der i Nacht auf heute. Carola Rackete wurde im Hafen von Lampedusa verhaftet, da sie im Notstand das Seenotrettungsschiff SEA-WATCH3 ohne beh\u00f6rdliche Genehmigung in den Hafen einfuhr.<\/span><\/strong><\/p>\n<div class=\"\" data-block=\"true\" data-editor=\"dvkjh\" data-offset-key=\"5d15n-0-0\">\n<div class=\"_1mf _1mj\" data-offset-key=\"5d15n-0-0\"><span data-offset-key=\"5d15n-0-0\">\u00a0<\/span><\/div>\n<\/div>\n<div class=\"\" data-block=\"true\" data-editor=\"dvkjh\" data-offset-key=\"armib-0-0\">\n<div class=\"_1mf _1mj\" data-offset-key=\"armib-0-0\"><span data-offset-key=\"armib-0-0\">Folgender Text zur Situation wurde an der Demonstration verlesen und an Passant_innen verteilt:<\/span><\/div>\n<\/div>\n<div class=\"\" data-block=\"true\" data-editor=\"dvkjh\" data-offset-key=\"73ir6-0-0\">\n<div class=\"_1mf _1mj\" data-offset-key=\"73ir6-0-0\"><span data-offset-key=\"73ir6-0-0\">\u00a0<\/span><\/div>\n<\/div>\n<div class=\"\" data-block=\"true\" data-editor=\"dvkjh\" data-offset-key=\"dds1i-0-0\">\n<div class=\"_1mf _1mj\" data-offset-key=\"dds1i-0-0\"><span data-offset-key=\"dds1i-0-0\">\/Heute Nacht gegen 2 Uhr wurde Carola, Kapit\u00e4nin des Seenotrettungsschiffes SEA- WATCH3, in Lampedusa von der italienischen Polizei verhaftet. Was ist geschehen:\/<\/span><\/div>\n<\/div>\n<div class=\"\" data-block=\"true\" data-editor=\"dvkjh\" data-offset-key=\"8bslg-0-0\">\n<div class=\"_1mf _1mj\" data-offset-key=\"8bslg-0-0\"><span data-offset-key=\"8bslg-0-0\">\u00a0<\/span><\/div>\n<\/div>\n<div class=\"\" data-block=\"true\" data-editor=\"dvkjh\" data-offset-key=\"3k9ji-0-0\">\n<div class=\"_1mf _1mj\" data-offset-key=\"3k9ji-0-0\"><span data-offset-key=\"3k9ji-0-0\">\/Am 12. Juni hat die Crew der SEA-WATCH3 ca. 47 Meilen vor der libyschen K\u00fcste 52 Menschen aufgenommen und somit vor dem drohenden Ertrinken gerettet. Seit dem kreuzte das Schiff mit den Menschen an Bord au\u00dferhalb der italienischen Hoheitsgew\u00e4ssern vor Lampedusa. 12 Menschen wurden aufgrund ihrer schlechten gesundheitlichen Verfassung von der italienischen K\u00fcstenwache evakuiert, allen anderen verbleibenden Menschen wurde das Einfahren in italienische Hoheitsgew\u00e4sser verwehrt. Italiens Innenminister Matteo Salvini, Mitglied der rechtsextremen Lega Nord, hatte Anfang Juni noch ein Gesetz verabschieden k\u00f6nnen nach welchem private Schiffe (bzw. deren Schiffsf\u00fchrer_innen) mit Migrant_innen an Bord mit bis zu 50.000\u20ac Strafe belegt werden sollten sie trotz Verbot in italienische Hoheitsgew\u00e4sser einfahren.\/<\/span><\/div>\n<\/div>\n<div class=\"\" data-block=\"true\" data-editor=\"dvkjh\" data-offset-key=\"asbq-0-0\">\n<div class=\"_1mf _1mj\" data-offset-key=\"asbq-0-0\"><span data-offset-key=\"asbq-0-0\">\u00a0<\/span><\/div>\n<\/div>\n<div class=\"\" data-block=\"true\" data-editor=\"dvkjh\" data-offset-key=\"2ktjr-0-0\">\n<div class=\"_1mf _1mj\" data-offset-key=\"9sp1c-0-0\"><span data-offset-key=\"9sp1c-0-0\">\/Nach mehr als zwei Wochen des Wartens auf internationale Unterst\u00fctzung und L\u00f6sungen entschloss sich Kapit\u00e4nin Carola aufgrund der prek\u00e4ren Lage der Menschen an Bord in die italienischen Hoheitsgew\u00e4sser einzufahren um den Druck auf die politischen Entscheider_innen zu erh\u00f6hen. Nachdem auch das Ausrufen des Notstandes auf der SEA- WATCH3 nicht erh\u00f6rt wurde und lediglich Ausreden wie \u201ees gibt kein Liegeplatz im Hafen\u201c von den Beh\u00f6rden als Antwort kamen entschied Kapit\u00e4nin Carola nach weiteren zwei Tagen in den Hafen von Lampedusa einzufahren. Gleich nach dem Anlegen<\/span><\/div>\n<\/div>\n<div class=\"\" data-block=\"true\" data-editor=\"dvkjh\" data-offset-key=\"efhu4-0-0\">\n<div class=\"_1mf _1mj\" data-offset-key=\"efhu4-0-0\"><span data-offset-key=\"efhu4-0-0\">wurde sie verhaftet. \/<\/span><\/div>\n<\/div>\n<div class=\"\" data-block=\"true\" data-editor=\"dvkjh\" data-offset-key=\"iqa1-0-0\">\n<div class=\"_1mf _1mj\" data-offset-key=\"iqa1-0-0\"><span data-offset-key=\"iqa1-0-0\">\u00a0<\/span><\/div>\n<\/div>\n<div class=\"\" data-block=\"true\" data-editor=\"dvkjh\" data-offset-key=\"brlks-0-0\">\n<div class=\"_1mf _1mj\" data-offset-key=\"brlks-0-0\"><span data-offset-key=\"brlks-0-0\">\/Gegen Carola wurde bereits bei der Einfahrt in die italienischen Hoheitsgew\u00e4sser ein Strafverfahren wegen Beihilfe zur illegalen Migration er\u00f6ffnet. Somit droht ihr eine lange Haftstrafe. Mit diesem Tatvorwurf stehen sich allerdings auch weitere Seenotretter_innen konfrontiert. Gegen 10 Besatzungsmitglieder des Seenotrettungsschiff IUVENA der Organisation \u201eJugend Rettet\u201c wurden in Juni 2018 das Ermittlungsverfahren zu selbigem Tatvorwurf er\u00f6ffnet. \/<\/span><\/div>\n<\/div>\n<div class=\"\" data-block=\"true\" data-editor=\"dvkjh\" data-offset-key=\"7asqn-0-0\">\n<div class=\"_1mf _1mj\" data-offset-key=\"7asqn-0-0\"><span data-offset-key=\"7asqn-0-0\">\u00a0<\/span><\/div>\n<\/div>\n<div class=\"\" data-block=\"true\" data-editor=\"dvkjh\" data-offset-key=\"46mp4-0-0\">\n<div class=\"_1mf _1mj\" data-offset-key=\"46mp4-0-0\"><span data-offset-key=\"46mp4-0-0\">\/Aber nicht nur Italien dreht an der Repressionsschraube: Im Zeitraum M\u00e4rz\/April verboten holl\u00e4ndische Beh\u00f6rden das Auslaufen der SEA-WATCH3 aus Marseille. Begr\u00fcndet unter anderem mit dem v\u00f6llig absurden Argument, die SEA-WATCH3 sei technisch nicht sicher genug um Menschen vor dem Ertrinken zu retten. Und Europaweit versch\u00e4rfen sich st\u00e4ndig die Migrationsgesetze.\/<\/span><\/div>\n<\/div>\n<div class=\"\" data-block=\"true\" data-editor=\"dvkjh\" data-offset-key=\"2nco3-0-0\">\n<div class=\"_1mf _1mj\" data-offset-key=\"2nco3-0-0\"><span data-offset-key=\"2nco3-0-0\">\u00a0<\/span><\/div>\n<\/div>\n<div class=\"\" data-block=\"true\" data-editor=\"dvkjh\" data-offset-key=\"3tubs-0-0\">\n<div class=\"_1mf _1mj\" data-offset-key=\"3tubs-0-0\"><span data-offset-key=\"3tubs-0-0\">\/Es werden immer wieder Stimmen laut, das die geretteten Menschen doch zur\u00fcck nach Libyen gebracht werden sollten. Das ist jedoch nicht die geringste Option, da die Menschen vor Folter, Vergewaltigung und Versklavung bereits aus diesem Land geflohen sind. Au\u00dferdem w\u00fcrde eine R\u00fcckf\u00fchrung nach Libyen gegen etliche internationale Gesetze und Konventionen versto\u00dfen. Auch in Tunesien wird gefoltert, so berichtet unter anderem Amnesty International. Diese Ansicht teilt auch die europ\u00e4ische Staatengemeinschaft und erkl\u00e4rte, dass Tunesien neben Libyen ebenfalls keine Option f\u00fcr einen sicheren Hafen ist. \/<\/span><\/div>\n<\/div>\n<div class=\"\" data-block=\"true\" data-editor=\"dvkjh\" data-offset-key=\"859ff-0-0\">\n<div class=\"_1mf _1mj\" data-offset-key=\"859ff-0-0\"><span data-offset-key=\"859ff-0-0\">\u00a0<\/span><\/div>\n<\/div>\n<div class=\"\" data-block=\"true\" data-editor=\"dvkjh\" data-offset-key=\"1h18m-0-0\">\n<div class=\"_1mf _1mj\" data-offset-key=\"b5r12-0-0\"><span data-offset-key=\"b5r12-0-0\">\/Zur\u00fcck zum aktuellen Fall: Matteo Salvini zeigt glasklar seine menschenverachtenden Denkmuster und \u00dcberzeugungen. So verspottete er Carola z.B. als \u201everw\u00f6hnte G\u00f6re\u201c und die gesamte SW3-Crew als Piraten. Seine Reaktionen auf das unausweichliche Handeln von Carola sind Wutausbr\u00fcche, Hetzte und Verunglimpfung. \/<\/span><\/div>\n<\/div>\n<div class=\"\" data-block=\"true\" data-editor=\"dvkjh\" data-offset-key=\"a5l53-0-0\">\n<div class=\"_1mf _1mj\" data-offset-key=\"a5l53-0-0\"><span data-offset-key=\"a5l53-0-0\">\u00a0<\/span><\/div>\n<\/div>\n<div class=\"\" data-block=\"true\" data-editor=\"dvkjh\" data-offset-key=\"ejkrf-0-0\">\n<div class=\"_1mf _1mj\" data-offset-key=\"ejkrf-0-0\"><span data-offset-key=\"ejkrf-0-0\">\/Wir fordern hier und jetzt alle Menschen in der Schweiz auf: solidarisiert euch mit Menschen auf der Flucht. Solidarisiert euch mit den Menschen welche aufgrund ihrer Hilfeleistungen mit hohen Strafen bedroht werden. Au\u00dferdem fordern wir von der Schweizer Politik ein klares Signal und sofortiges, entschlossenes Handeln: \u00d6ffnet die Grenzen, zeigt Bereitschaft Menschen auf zu nehmen! Sprecht euch aus gegen die Kriminalisierung der Seenotrettung.\/<\/span><\/div>\n<\/div>\n<div class=\"\" data-block=\"true\" data-editor=\"dvkjh\" data-offset-key=\"1d3ng-0-0\">\n<div class=\"_1mf _1mj\" data-offset-key=\"1d3ng-0-0\"><span data-offset-key=\"1d3ng-0-0\">\u00a0<\/span><\/div>\n<\/div>\n<div class=\"\" data-block=\"true\" data-editor=\"dvkjh\" data-offset-key=\"483ut-0-0\">\n<div class=\"_1mf _1mj\" data-offset-key=\"483ut-0-0\"><span data-offset-key=\"483ut-0-0\">\/Wenn Salvini von Piraten spricht, dann w\u00fcnsche ich mir eine Augenklappe. Lasst uns Pirat_innen des Alltags werden: laut unsere Solidarit\u00e4t in Wort und Tat walten lassen. Heute Abend sind wir Stadtpirat_innen und entern die Stra\u00dfen. \/<\/span><\/div>\n<\/div>\n<div class=\"\" data-block=\"true\" data-editor=\"dvkjh\" data-offset-key=\"c7a3n-0-0\">\n<div class=\"_1mf _1mj\" data-offset-key=\"c7a3n-0-0\"><span data-offset-key=\"c7a3n-0-0\">\u00a0<\/span><\/div>\n<\/div>\n<div class=\"\" data-block=\"true\" data-editor=\"dvkjh\" data-offset-key=\"2qrl4-0-0\">\n<div class=\"_1mf _1mj\" data-offset-key=\"2qrl4-0-0\"><span data-offset-key=\"2qrl4-0-0\">\/Freiheit und Gerechtigkeit f\u00fcr alle Menschen! Ob auf der Flucht, in den Kn\u00e4sten, in Lagern! Freiheit f\u00fcr Kapit\u00e4nin Carola! Free the IUVENTA10! Seenotrettung MUSS wieder selbstverst\u00e4ndlich werden! \/<\/span><\/div>\n<\/div>\n<div class=\"\" data-block=\"true\" data-editor=\"dvkjh\" data-offset-key=\"fjfpo-0-0\">\n<div class=\"_1mf _1mj\" data-offset-key=\"fjfpo-0-0\"><span data-offset-key=\"fjfpo-0-0\">\u00a0<\/span><\/div>\n<\/div>\n<div class=\"\" data-block=\"true\" data-editor=\"dvkjh\" data-offset-key=\"coh1j-0-0\">\n<div class=\"_1mf _1mj\" data-offset-key=\"fvbe4-0-0\"><span data-offset-key=\"fvbe4-0-0\">Der Demonstrationszug f\u00fchrte vom Theaterplatz \u00fcber die Reuss durch die Altstatt und endete am Helvetiaplatz. Dort wurden die Demonstrierenden von den anwesenden Menschen, welche sich in den anliegenden Restaurants verk\u00f6stigten, mit Beifall begr\u00fcsst. Noch einmal wurde die Situation erl\u00e4utert um die Menschen auf dem Helvetiaplatz \u00fcber die Situation zu Carola Rackete und den unmenschlichen Migrationssystemen zu informieren. Im Anschluss l\u00f6ste sich die Demonstration entschlossen zum weiterenKampf f\u00fcr ein gute Leben f\u00fcr alle auf.<\/span><\/div>\n<\/div>\n<div data-offset-key=\"fvbe4-0-0\"><img loading=\"lazy\" decoding=\"async\" class=\"alignnone size-medium wp-image-111\" src=\"https:\/\/resolut.noblogs.org\/files\/2019\/06\/Sea-Watch-RathausVP-300x169.jpg\" alt=\"\" width=\"300\" height=\"169\" \/> <img loading=\"lazy\" decoding=\"async\" class=\"alignnone size-medium wp-image-112\" src=\"https:\/\/resolut.noblogs.org\/files\/2019\/06\/Sea-Watch-Schild-300x169.jpg\" alt=\"\" width=\"300\" height=\"169\" \/> <img loading=\"lazy\" decoding=\"async\" class=\"alignnone size-medium wp-image-114\" src=\"https:\/\/resolut.noblogs.org\/files\/2019\/06\/Sea-Watch-TheaterplatzVP-300x169.jpg\" alt=\"\" width=\"300\" height=\"169\" \/> <img loading=\"lazy\" decoding=\"async\" class=\"alignnone size-medium wp-image-115\" src=\"https:\/\/resolut.noblogs.org\/files\/2019\/06\/Sea-Watch-WeinmarktVP-300x169.jpg\" alt=\"\" width=\"300\" height=\"169\" \/> <img loading=\"lazy\" decoding=\"async\" class=\"alignnone size-medium wp-image-116\" src=\"https:\/\/resolut.noblogs.org\/files\/2019\/06\/Seawatch-Reussbr\u00fcckeVP-300x169.jpg\" alt=\"\" width=\"300\" height=\"169\" \/> <img loading=\"lazy\" decoding=\"async\" class=\"alignnone size-medium wp-image-117\" src=\"https:\/\/resolut.noblogs.org\/files\/2019\/06\/Sea-Watch-BkeiberechtVP-300x169.jpg\" alt=\"\" width=\"300\" height=\"169\" \/> <img loading=\"lazy\" decoding=\"async\" class=\"alignnone size-large wp-image-118\" src=\"https:\/\/resolut.noblogs.org\/files\/2019\/06\/Sea-Watch-Fahne-1024x576.jpg\" alt=\"\" width=\"600\" height=\"338\" \/><\/p>\n<p>Quelle: <a href=\"http:\/\/www.resolut.tk\/\">www.resolut.tk<\/a><\/div>\n<\/div>\n<\/div>\n","protected":false},"excerpt":{"rendered":"<p>Heute Abend (29.6) versammelten sich an die 100 Menschen am Theaterplatz zu einer spontanen Demonstration. Anlass zur Demonstration gab die Verhaftung der Kapit\u00e4nin Carola Rackete in der i Nacht auf heute. Carola Rackete wurde im Hafen von Lampedusa verhaftet, da sie im Notstand das Seenotrettungsschiff SEA-WATCH3 ohne beh\u00f6rdliche Genehmigung in den Hafen einfuhr. <a href=\"https:\/\/www.lagota.ch\/?p=3231\">Continue reading <span class=\"meta-nav\">&rarr;<\/span><\/a><\/p>\n","protected":false},"author":1,"featured_media":0,"comment_status":"closed","ping_status":"open","sticky":false,"template":"","format":"standard","meta":{"footnotes":""},"categories":[328,406],"tags":[1145,103,1144],"class_list":["post-3231","post","type-post","status-publish","format-standard","hentry","category-antira","category-migration","tag-carola-rackete","tag-rassismus","tag-seawatch"],"_links":{"self":[{"href":"https:\/\/www.lagota.ch\/index.php?rest_route=\/wp\/v2\/posts\/3231","targetHints":{"allow":["GET"]}}],"collection":[{"href":"https:\/\/www.lagota.ch\/index.php?rest_route=\/wp\/v2\/posts"}],"about":[{"href":"https:\/\/www.lagota.ch\/index.php?rest_route=\/wp\/v2\/types\/post"}],"author":[{"embeddable":true,"href":"https:\/\/www.lagota.ch\/index.php?rest_route=\/wp\/v2\/users\/1"}],"replies":[{"embeddable":true,"href":"https:\/\/www.lagota.ch\/index.php?rest_route=%2Fwp%2Fv2%2Fcomments&post=3231"}],"version-history":[{"count":1,"href":"https:\/\/www.lagota.ch\/index.php?rest_route=\/wp\/v2\/posts\/3231\/revisions"}],"predecessor-version":[{"id":3232,"href":"https:\/\/www.lagota.ch\/index.php?rest_route=\/wp\/v2\/posts\/3231\/revisions\/3232"}],"wp:attachment":[{"href":"https:\/\/www.lagota.ch\/index.php?rest_route=%2Fwp%2Fv2%2Fmedia&parent=3231"}],"wp:term":[{"taxonomy":"category","embeddable":true,"href":"https:\/\/www.lagota.ch\/index.php?rest_route=%2Fwp%2Fv2%2Fcategories&post=3231"},{"taxonomy":"post_tag","embeddable":true,"href":"https:\/\/www.lagota.ch\/index.php?rest_route=%2Fwp%2Fv2%2Ftags&post=3231"}],"curies":[{"name":"wp","href":"https:\/\/api.w.org\/{rel}","templated":true}]}}