{"id":3250,"date":"2019-08-01T16:47:21","date_gmt":"2019-08-01T15:47:21","guid":{"rendered":"http:\/\/www.lagota.ch\/?p=3250"},"modified":"2019-08-01T16:47:21","modified_gmt":"2019-08-01T15:47:21","slug":"es-gibt-nichts-zu-feiern","status":"publish","type":"post","link":"https:\/\/www.lagota.ch\/?p=3250","title":{"rendered":"&#8220;Es gibt Nichts zu feiern&#8221;"},"content":{"rendered":"\n<figure class=\"wp-block-image\"><img loading=\"lazy\" decoding=\"async\" width=\"1024\" height=\"576\" src=\"https:\/\/www.lagota.ch\/wp-content\/uploads\/diearktisbrennt-1024x576.jpg\" alt=\"\" class=\"wp-image-3251\" srcset=\"https:\/\/www.lagota.ch\/wp-content\/uploads\/diearktisbrennt-1024x576.jpg 1024w, https:\/\/www.lagota.ch\/wp-content\/uploads\/diearktisbrennt-300x169.jpg 300w, https:\/\/www.lagota.ch\/wp-content\/uploads\/diearktisbrennt-768x432.jpg 768w, https:\/\/www.lagota.ch\/wp-content\/uploads\/diearktisbrennt.jpg 2048w\" sizes=\"auto, (max-width: 1024px) 100vw, 1024px\" \/><\/figure>\n\n\n\n<p> Heute Morgen, 1. August 2019 haben Mitglieder*innen der Gruppe \nRESolut ein acht Meter langes Banner mit der Aufschrift &#8220;Menschen \nertrinken im Mittelmeer &#8211; Die Arktis brennt &#8211; ES GIBT NICHTS ZU FEIERN&#8221; \nbeim Schirmerturm auf der Museggmauer aufgeh\u00e4ngt. Damit protestieren wir\n gegen den patriotischen Freudentaumel, in den die Schweiz jeden ersten \nAugust verf\u00e4llt, denn wer \u00fcber den Tellerrand hinausschaut erkennt die \nmassiven Probleme vor denen wir stehen, die die Schweiz mitverursacht.<\/p>\n\n\n\n<p>\n Der Reichtum der Schweiz basiert auf der Ausbeutung von Menschen und \nder Zerst\u00f6rung der Umwelt. Nicht nur die Schweizer Banken, die k\u00fcrzlich \nverst\u00e4rkt in den Medien waren, tragen zur Verst\u00e4rkung der Klimakrise \nbei, auch zahlreiche Firmen aus den Bereichen Rohstoffhandel, \nLebensmittel, R\u00fcstung, Pharma, Tourismus und Landwirtschaft setzen ihre \nGewinne \u00fcber die Interessen der Allgemeinheit, die Klimakrise zu l\u00f6sen. \nAuch die B\u00fcrgerliche Politik der Schweiz verhindert Fortschritt und \nblockiert griffige Massnahmen um den CO2 Ausstoss m\u00f6glichst schnell zu \nsenken. Bei der SVP, die den heutigen Tag besonders feiert, zweifelt man\n den Menschengemachten Klimawandel sogar entgegen der Meinung von \u00fcber \n98% der Wissenschaftler an. Eine neue Kampagne der (J)SVP mit dem Motto \n&#8220;Kreta statt Greta&#8221; ist besonders Geschmackslos und zeigt die \nVerzweiflung in der die SVP steckt, den ausser Fremdenfeindlichkeit und \nLeugnung hat sie der Klimakrise nichts entgegenzusetzen.<\/p>\n\n\n\n<p> Gerade \nwenn sich in der Politik und Wirtschaft nichts bewegt, ist eine starke \nausserparlamentarische Opposition dringend notwendig. Wir brauchen jetzt\n L\u00f6sungen f\u00fcr die Klimakrise, denn schon in wenigen Jahren k\u00f6nnte deren \nVerlauf unbeeinflussbar werden.<\/p>\n\n\n\n<p> Aber nicht nur zahlreicher \nVerbrechen gegen die Natur machen sich Schweizer Multis schuldig. Durch \nPrivatisierung, Verdr\u00e4ngung und Zerst\u00f6rung der Natur werden millionen \nMenschen die Lebensgrundlage geraubt. Miese Arbeitsbedingungen bieten \nihnen keine Perspektive und nicht zu letzt tauchen schweizer Waffen auch\n immer wieder in bewaffneten Konflikten auf, werden von Regierungen \ngegen die Zivilbev\u00f6lkerung eingesetzt oder landen sogar in den h\u00e4nden \nvon Terroristen.<\/p>\n\n\n\n<p> Angesichts dieser gesetzlichen und moralischen \nVerbrechen gibt es nichts zu feiern. Auch in der Geschichte finden wir \nkaum positive Ereignisse. Die Schweizer Neutralit\u00e4t ist ein M\u00e4rchen. Die\n Schweiz paktierte mit den Faschisten und von der Humanit\u00e4ren Tradition \nk\u00f6nnt ihr den Verfolgten erz\u00e4hlen, die w\u00e4rend dem zweiten Weltkrieg an \nder Grenze abgewiesen oder direkt den Nazis \u00fcbergeben wurden.<\/p>\n\n\n\n<p> \nAuch heute sterben wieder Menschen an Grenzen. Es sind diesmal nicht \ndirekt die Schweizer Aussergrenzen sondern die Grenzen der Festung \nEuropa. Menschen sterben auf der Flucht vor Elend, Armmut, Hunger, Krieg\n und Verfolgung im Mittelmeer oder werden auf dem Weg dahin verschleppt,\n vergewaltigt und\/oder versklavt.<\/p>\n\n\n\n<p> Obwohl es eigentlich schon zu \nsp\u00e4t ist, haben wir dieses Mal die Chance es richtig zu machen. Wie \nunabh\u00e4ngige Beobachter*innen berichten, gleichen die Verh\u00e4ltnisse in \nLibyschen Fl\u00fcchtlingslagern den KZ&#8217;s. Schutzsuchende werden dort \ngefoltert, vergewaltigt, versklavt und ermordet.<\/p>\n\n\n\n<p> Es ist dringend \nnotwendig, dass diese Lager evakuiert werden. Die Seawatch 3 hat bereits\n angeboten mit der Evakuirung zu beginnen, doch Salvinis Italien h\u00e4lt \ndas Schiff immer noch auf und auch die europ\u00e4ischen Staaten weigern \nsich, ihre B\u00fcrokratie und ihre Ressentiments zu \u00fcberwerfen um weitere \nhumanit\u00e4re Katastrophen zu verhindern.<\/p>\n\n\n\n<p> Solange die Welt brennt \nund Grenzen t\u00f6ten gibt es nichts zu feiern. Wir werden k\u00e4mpfen, bis die \nNationalstaaten und das Kapitalistische System fallen und alle Menschen \nin Freiheit leben!<\/p>\n\n\n\n<p> Schweizer Staat &#8211; Schurken Staat &#8211; Wir haben dich zu kotzen satt!<\/p>\n","protected":false},"excerpt":{"rendered":"<p>Heute Morgen, 1. August 2019 haben Mitglieder*innen der Gruppe RESolut ein acht Meter langes Banner mit der Aufschrift &#8220;Menschen ertrinken im Mittelmeer &#8211; Die Arktis brennt &#8211; ES GIBT NICHTS ZU FEIERN&#8221; beim Schirmerturm auf der Museggmauer aufgeh\u00e4ngt. Damit protestieren &hellip; <a href=\"https:\/\/www.lagota.ch\/?p=3250\">Continue reading <span class=\"meta-nav\">&rarr;<\/span><\/a><\/p>\n","protected":false},"author":1,"featured_media":0,"comment_status":"closed","ping_status":"open","sticky":false,"template":"","format":"standard","meta":{"footnotes":""},"categories":[1],"tags":[],"class_list":["post-3250","post","type-post","status-publish","format-standard","hentry","category-uncategorized"],"_links":{"self":[{"href":"https:\/\/www.lagota.ch\/index.php?rest_route=\/wp\/v2\/posts\/3250","targetHints":{"allow":["GET"]}}],"collection":[{"href":"https:\/\/www.lagota.ch\/index.php?rest_route=\/wp\/v2\/posts"}],"about":[{"href":"https:\/\/www.lagota.ch\/index.php?rest_route=\/wp\/v2\/types\/post"}],"author":[{"embeddable":true,"href":"https:\/\/www.lagota.ch\/index.php?rest_route=\/wp\/v2\/users\/1"}],"replies":[{"embeddable":true,"href":"https:\/\/www.lagota.ch\/index.php?rest_route=%2Fwp%2Fv2%2Fcomments&post=3250"}],"version-history":[{"count":1,"href":"https:\/\/www.lagota.ch\/index.php?rest_route=\/wp\/v2\/posts\/3250\/revisions"}],"predecessor-version":[{"id":3252,"href":"https:\/\/www.lagota.ch\/index.php?rest_route=\/wp\/v2\/posts\/3250\/revisions\/3252"}],"wp:attachment":[{"href":"https:\/\/www.lagota.ch\/index.php?rest_route=%2Fwp%2Fv2%2Fmedia&parent=3250"}],"wp:term":[{"taxonomy":"category","embeddable":true,"href":"https:\/\/www.lagota.ch\/index.php?rest_route=%2Fwp%2Fv2%2Fcategories&post=3250"},{"taxonomy":"post_tag","embeddable":true,"href":"https:\/\/www.lagota.ch\/index.php?rest_route=%2Fwp%2Fv2%2Ftags&post=3250"}],"curies":[{"name":"wp","href":"https:\/\/api.w.org\/{rel}","templated":true}]}}