{"id":3268,"date":"2019-09-11T08:52:35","date_gmt":"2019-09-11T07:52:35","guid":{"rendered":"http:\/\/www.lagota.ch\/?p=3268"},"modified":"2019-09-11T08:52:35","modified_gmt":"2019-09-11T07:52:35","slug":"vo-wage-furs-labe-rechten-aufmarsch-verhindern","status":"publish","type":"post","link":"https:\/\/www.lagota.ch\/?p=3268","title":{"rendered":"Vo w\u00e4ge \u201cf\u00fcrs L\u00e4be\u201d! Rechten Aufmarsch verhindern!"},"content":{"rendered":"\n<p><img loading=\"lazy\" decoding=\"async\" width=\"400\" height=\"300\" class=\"wp-image-3269\" style=\"width: 400px;\" src=\"https:\/\/www.lagota.ch\/wp-content\/uploads\/abtreibungistfrauenrecht.jpg\" alt=\"\" srcset=\"https:\/\/www.lagota.ch\/wp-content\/uploads\/abtreibungistfrauenrecht.jpg 640w, https:\/\/www.lagota.ch\/wp-content\/uploads\/abtreibungistfrauenrecht-300x225.jpg 300w\" sizes=\"auto, (max-width: 400px) 100vw, 400px\" \/><br>Am 14. September 2019 kommt der \u00abMarsch f\u00fcr\u2019s L\u00e4be\u00bb zur\u00fcck nach  Z\u00fcrich. Doch mit \u00abf\u00fcr\u2019s L\u00e4be\u00bb hat dieser Aufmarsch nichts zu tun. Unter  diesem Motto demonstrieren christliche Fundamentalist*innen bereits zum  zehnten Mal gegen das Recht auf Abtreibung und damit gegen das  Selbstbestimmungsrecht der Frauen* und LGBTIQ* \u00fcber ihre eigenen K\u00f6rper.  Die christlichen Rechten inszenieren sich als Lebenssch\u00fctzer*innen,  doch propagieren in Tat ein gewaltig reaktion\u00e4res, frauen*- und  LGBTIQ*-verachtendes Menschenbild. Das \u00abL\u00e4be\u00bb, welches sie sich  w\u00fcnschen, ist ein zutiefst sexistisches und konservatives Leben, in dem  Frauen* und LGBTIQ* \u00fcber kein Selbstbestimmungsrecht \u00fcber den eigenen  K\u00f6rper verf\u00fcgen: Vo w\u00e4ge f\u00fcr\u2019s L\u00e4be!<\/p>\n\n\n\n<p>Mitorganisiert wird der \u00abMarsch f\u00fcr\u2019s L\u00e4be\u00bb vom Z\u00fcrcher SVP Politiker\n Daniel Regli, der es in der Vergangenheit durch extrem \nmenschenverachtende Aussagen zu Suizid bei Schwulen in die Schlagzeilen \nschaffte. Auch die anderen OK-Mitglieder vertreten offen \nislamfeindliche, fremdenfeindliche, homo- und transfeindliche \nPositionen. So etwa die Betreiber*innen der Website zukunft-ch.ch, \nwelche gegen die \u00ab\u00dcberfremdung\u00bb, aber auch f\u00fcr die \u00abHeilung \nTranssexueller\u00bb propagieren.<\/p>\n\n\n\n<p>Das alles ist mehr als Grund genug, um den Aufmarsch der christlichen\n Rechten in Z\u00fcrich zu verhindern, denn dieses \u00abf\u00fcr\u2019s L\u00e4be\u00bb ist ein Witz,\n \u00fcber den wir nicht lachen k\u00f6nnen.<\/p>\n\n\n\n<p>F\u00fcr die Freiheit, f\u00fcr das Leben, Fundis von der Strasse fegen!<\/p>\n\n\n\n<p><strong>Zeigen wir diesen Anti-Feminist*innen, dass sie in unserer Stadt nichts verloren haben! <\/strong><\/p>\n\n\n\n<p><strong>Kommt alle am Samstag 14. September um 12.45 Uhr auf die Josefswiese in Z\u00fcrich!<\/strong><\/p>\n","protected":false},"excerpt":{"rendered":"<p>Am 14. September 2019 kommt der \u00abMarsch f\u00fcr\u2019s L\u00e4be\u00bb zur\u00fcck nach  Z\u00fcrich. Doch mit \u00abf\u00fcr\u2019s L\u00e4be\u00bb hat dieser Aufmarsch nichts zu tun. Unter  diesem Motto demonstrieren christliche Fundamentalist*innen bereits zum  zehnten Mal gegen das Recht auf Abtreibung und damit gegen das  Selbstbestimmungsrecht der Frauen* und LGBTIQ* \u00fcber ihre eigenen K\u00f6rper. <a href=\"https:\/\/www.lagota.ch\/?p=3268\">Continue reading <span class=\"meta-nav\">&rarr;<\/span><\/a><\/p>\n","protected":false},"author":1,"featured_media":0,"comment_status":"closed","ping_status":"open","sticky":false,"template":"","format":"standard","meta":{"footnotes":""},"categories":[242,16,4],"tags":[106,371,373,121],"class_list":["post-3268","post","type-post","status-publish","format-standard","hentry","category-emanzipation","category-schweiz","category-veranstaltung","tag-abtreibung","tag-frauenrecht","tag-marsch-furs-labe","tag-zurich"],"_links":{"self":[{"href":"https:\/\/www.lagota.ch\/index.php?rest_route=\/wp\/v2\/posts\/3268","targetHints":{"allow":["GET"]}}],"collection":[{"href":"https:\/\/www.lagota.ch\/index.php?rest_route=\/wp\/v2\/posts"}],"about":[{"href":"https:\/\/www.lagota.ch\/index.php?rest_route=\/wp\/v2\/types\/post"}],"author":[{"embeddable":true,"href":"https:\/\/www.lagota.ch\/index.php?rest_route=\/wp\/v2\/users\/1"}],"replies":[{"embeddable":true,"href":"https:\/\/www.lagota.ch\/index.php?rest_route=%2Fwp%2Fv2%2Fcomments&post=3268"}],"version-history":[{"count":1,"href":"https:\/\/www.lagota.ch\/index.php?rest_route=\/wp\/v2\/posts\/3268\/revisions"}],"predecessor-version":[{"id":3270,"href":"https:\/\/www.lagota.ch\/index.php?rest_route=\/wp\/v2\/posts\/3268\/revisions\/3270"}],"wp:attachment":[{"href":"https:\/\/www.lagota.ch\/index.php?rest_route=%2Fwp%2Fv2%2Fmedia&parent=3268"}],"wp:term":[{"taxonomy":"category","embeddable":true,"href":"https:\/\/www.lagota.ch\/index.php?rest_route=%2Fwp%2Fv2%2Fcategories&post=3268"},{"taxonomy":"post_tag","embeddable":true,"href":"https:\/\/www.lagota.ch\/index.php?rest_route=%2Fwp%2Fv2%2Ftags&post=3268"}],"curies":[{"name":"wp","href":"https:\/\/api.w.org\/{rel}","templated":true}]}}