{"id":3271,"date":"2019-09-13T08:29:35","date_gmt":"2019-09-13T07:29:35","guid":{"rendered":"http:\/\/www.lagota.ch\/?p=3271"},"modified":"2019-09-13T08:29:35","modified_gmt":"2019-09-13T07:29:35","slug":"schmiererei-gegen-das-amt-fur-migration-in-luzern","status":"publish","type":"post","link":"https:\/\/www.lagota.ch\/?p=3271","title":{"rendered":"Schmiererei gegen das Amt f\u00fcr Migration in Luzern"},"content":{"rendered":"\n<p><strong> Das Geb\u00e4ude an der Fruttstrasse in Luzern war am Dienstagmorgen mit  Farbe beschmiert. Die Aktion richtet sich gegen das Amt f\u00fcr Migration.  Das ist nicht der erste Vorfall dieser Art. <\/strong><\/p>\n\n\n\n<p><img loading=\"lazy\" decoding=\"async\" width=\"500\" height=\"375\" class=\"wp-image-3272\" style=\"width: 500px;\" src=\"https:\/\/www.lagota.ch\/wp-content\/uploads\/amigra.jpeg\" alt=\"\" srcset=\"https:\/\/www.lagota.ch\/wp-content\/uploads\/amigra.jpeg 1120w, https:\/\/www.lagota.ch\/wp-content\/uploads\/amigra-300x225.jpeg 300w, https:\/\/www.lagota.ch\/wp-content\/uploads\/amigra-768x576.jpeg 768w, https:\/\/www.lagota.ch\/wp-content\/uploads\/amigra-1024x768.jpeg 1024w\" sizes=\"auto, (max-width: 500px) 100vw, 500px\" \/><br><br>\u00abDie Farbe war noch  nass, als ich um 7:15 Uhr ins Haus ging\u00bb, sagt der Leser, der uns am  Dienstagmorgen dieses Bild schickte. Sein B\u00fcro bef\u00e4nde sich in diesem  Geb\u00e4ude, er arbeite aber nicht f\u00fcr das Amt f\u00fcr Migration. Es ist  unmissverst\u00e4ndlich, dass sich diese Aktion gegen das Amt f\u00fcr Migration  richtet. Das Geb\u00e4ude befindet sich an der Fruttstrasse und die  Schmiererei ist gut ersichtlich. <\/p>\n\n\n\n<p>Das\n Amt f\u00fcr Migration regelt f\u00fcr den Kanton Luzern den Aufenthalt von \nausl\u00e4ndischen Arbeitskr\u00e4ften, Sch\u00fclerinnen und Sch\u00fclern, Studentinnen \nund Studenten, Privatiers, und den Aufenthalt der vom Bund anerkannten \nFl\u00fcchtlinge und bei Familiennachz\u00fcgen.<\/p>\n\n\n\n<p>Bei  der Luzerner Polizei hat man Kenntnis von diesem Fall, wie  Polizeisprecher Christian Bertschi auf Anfrage mitteilt. Eine  Polizeipatrouille sei nun vor Ort, um die Sachverhaltsaufnahme zu  machen. Die Glasfront wurde auf zirka 8 mal 5 Meter sowie der Boden vor  dem Haupteingang auf einer Fl\u00e4che von rund 5 mal 6 Meter mit roter Farbe  bespritzt. Ausserdem wurde ein Schriftzug an einer Wand platziert. Der  entstandene Sachschaden ist noch unbekannt. Die Luzerner Polizei sucht  Zeugen des Vorfalls. <\/p>\n\n\n\n<h2 class=\"wp-block-heading\">\u00abUngutes Gef\u00fchl\u00bb f\u00fcr Mitarbeiter<\/h2>\n\n\n\n<p>Das  ist nicht das erste Mal, dass Unbekannte ihren Unmut \u00fcber den  Asylbereich mit Schmierereien kundtun, wie Alexander Lieb,  Dienststellenleiter des Amts f\u00fcr Migration, sagt. Dies sei im Vergleich  allerdings eine eher grosse Schmiererei. Lieb bedauert den Vorfall,  insbesondere auch f\u00fcr seine Angestellten. \u00abEs hinterl\u00e4sst ein ungutes  Gef\u00fchl, wenn man \u00f6ffentlich angefeindet wird\u00bb, so Lieb. Dennoch sei ihm  und seinen Mitarbeitern bewusst, dass sie stets im politischen  Kreuzfeuer stehen w\u00fcrden. Das Amt f\u00fcr Migration kann keine Anzeige wegen  Sachbesch\u00e4digung einreichen, das muss in diesem Fall der Vermieter des  Hauses tun. <br><br>Quelle: <a href=\"https:\/\/www.luzernerzeitung.ch\/zentralschweiz\/luzern\/schmiererei-gegen-das-amt-fuer-migration-in-luzern-ld.1150481\">https:\/\/www.luzernerzeitung.ch\/zentralschweiz\/luzern\/schmiererei-gegen-das-amt-fuer-migration-in-luzern-ld.1150481<\/a><\/p>\n","protected":false},"excerpt":{"rendered":"<p>Das Geb\u00e4ude an der Fruttstrasse in Luzern war am Dienstagmorgen mit Farbe beschmiert. Die Aktion richtet sich gegen das Amt f\u00fcr Migration. Das ist nicht der erste Vorfall dieser Art. \u00abDie Farbe war noch nass, als ich um 7:15 Uhr &hellip; <a href=\"https:\/\/www.lagota.ch\/?p=3271\">Continue reading <span class=\"meta-nav\">&rarr;<\/span><\/a><\/p>\n","protected":false},"author":1,"featured_media":0,"comment_status":"closed","ping_status":"open","sticky":false,"template":"","format":"standard","meta":{"footnotes":""},"categories":[13,328,11,406],"tags":[792,936,1160],"class_list":["post-3271","post","type-post","status-publish","format-standard","hentry","category-antifa","category-antira","category-luzern","category-migration","tag-amigra","tag-farbanschlag","tag-migration"],"_links":{"self":[{"href":"https:\/\/www.lagota.ch\/index.php?rest_route=\/wp\/v2\/posts\/3271","targetHints":{"allow":["GET"]}}],"collection":[{"href":"https:\/\/www.lagota.ch\/index.php?rest_route=\/wp\/v2\/posts"}],"about":[{"href":"https:\/\/www.lagota.ch\/index.php?rest_route=\/wp\/v2\/types\/post"}],"author":[{"embeddable":true,"href":"https:\/\/www.lagota.ch\/index.php?rest_route=\/wp\/v2\/users\/1"}],"replies":[{"embeddable":true,"href":"https:\/\/www.lagota.ch\/index.php?rest_route=%2Fwp%2Fv2%2Fcomments&post=3271"}],"version-history":[{"count":1,"href":"https:\/\/www.lagota.ch\/index.php?rest_route=\/wp\/v2\/posts\/3271\/revisions"}],"predecessor-version":[{"id":3273,"href":"https:\/\/www.lagota.ch\/index.php?rest_route=\/wp\/v2\/posts\/3271\/revisions\/3273"}],"wp:attachment":[{"href":"https:\/\/www.lagota.ch\/index.php?rest_route=%2Fwp%2Fv2%2Fmedia&parent=3271"}],"wp:term":[{"taxonomy":"category","embeddable":true,"href":"https:\/\/www.lagota.ch\/index.php?rest_route=%2Fwp%2Fv2%2Fcategories&post=3271"},{"taxonomy":"post_tag","embeddable":true,"href":"https:\/\/www.lagota.ch\/index.php?rest_route=%2Fwp%2Fv2%2Ftags&post=3271"}],"curies":[{"name":"wp","href":"https:\/\/api.w.org\/{rel}","templated":true}]}}