{"id":3275,"date":"2019-09-18T13:26:14","date_gmt":"2019-09-18T12:26:14","guid":{"rendered":"http:\/\/www.lagota.ch\/?p=3275"},"modified":"2019-09-18T13:26:14","modified_gmt":"2019-09-18T12:26:14","slug":"communique-des-bundnisses-fur-ein-selbstbestimmtes-leben","status":"publish","type":"post","link":"https:\/\/www.lagota.ch\/?p=3275","title":{"rendered":"Communiqu\u00e9 des B\u00fcndnisses f\u00fcr ein selbstbestimmtes Leben"},"content":{"rendered":"\n<p><img loading=\"lazy\" decoding=\"async\" width=\"500\" height=\"280\" class=\"wp-image-3276\" style=\"width: 500px;\" src=\"https:\/\/www.lagota.ch\/wp-content\/uploads\/prolife.jpg\" alt=\"\" srcset=\"https:\/\/www.lagota.ch\/wp-content\/uploads\/prolife.jpg 710w, https:\/\/www.lagota.ch\/wp-content\/uploads\/prolife-300x168.jpg 300w\" sizes=\"auto, (max-width: 500px) 100vw, 500px\" \/><br><strong>Etwa 1800 Aktivist*innen  haben sich heute im Z\u00fcrcher Kreis 5 versammelt, um sich der reaktion\u00e4ren  Hetze der christlichen Rechten entgegenzustellen. Mit verschiedenen  Demonstrationen, Aktionen und vor allem lautstark haben wir das Recht  auf Abtreibung und ein selbstbestimmtes Leben und eine freie Sexualit\u00e4t  verteidigt.<\/strong><\/p>\n\n\n\n<p>Uns\n und unz\u00e4hligen Passant*innen und Anwohner*innen ist es wichtig, f\u00fcr das\n hart erk\u00e4mpfte Frauenrecht auf Abtreibung einzustehen. Wir wollen \nselber entscheiden, ob, wann und mit wem wir Kinder haben und wie wir \nleben.<\/p>\n\n\n\n<p>So konnten wir den Aufmarsch der christlichen Rechten durchs Quartier\n verz\u00f6gern und behindern. Die Demonstrationsroute des &#8220;Marsch f\u00fcrs L\u00e4be&#8221;\n beschr\u00e4nkte sich deswegen auf eine kurze Runde durch einige \nmenschenleere Durchgangsstrassen um den Escher-Wyss-Platz herum. An \neinem Geb\u00e4ude am Turbinenplatz, dem Kundgebungsort der Rechten, hing ein\n riesiges, un\u00fcbersehbares Transparent mit der Aufschrift &#8220;\u2019Pro Life\u2019 is a\n lie \u2013 you don\u2019t care if women die&#8221;.<\/p>\n\n\n\n<p>Es hat sich gezeigt, dass rechte Aufm\u00e4rsche nicht hingenommen werden \nm\u00fcssen, und dass wir uns mit direkten Aktionen und vielf\u00e4ltigen Formen \nerfolgreich dagegen wehren k\u00f6nnen. Statt reaktion\u00e4rer Ideologie war \nheute die feministische, antirassistische und queere Bewegung in der \n\u00d6ffentlichkeit pr\u00e4sent. In diesem Sinne erachten wir die heutige \nMobilisierung als vollen Erfolg f\u00fcr die antipatriarchalen Kr\u00e4fte.<\/p>\n\n\n\n<p>Die Polizei \u2013 unter der gr\u00fcnen Departamentsvorsteherin Kathrin Rykart\n \u2013 griff die Proteste an und versuchte uns einzuschr\u00e4nken. Aus diesem \nGrund teilte sich unsere Demonstration immer wieder auf und brachte so \ndas Polizeidispositiv an seine Grenzen. Unser Erfolg \u2013 die Einschr\u00e4nkung\n der<\/p>\n\n\n\n<p>Marschroute der Rechten \u2013 ist insbesondere auf diese Demotaktik \nzur\u00fcckzuf\u00fchren. Protestierende und Familien mit Kindern, die sich auf \nder Josefwiese befanden, wurden mit Tr\u00e4nengas und Gummischrot eingedeckt\n und verjagt.<\/p>\n\n\n\n<p>Die christlichen Fundamentalist*innen demonstrierten heute zum \nzehnten Mal gegen das Recht auf Abtreibung und damit gegen das \nSelbstbestimmungsrecht der Frauen, trans- und inter- und non \nbinary-Personen \u00fcber ihren K\u00f6rper. Die Christen-Fundis inszenieren sich \nals Lebenssch\u00fctzer*innen, doch propagieren sie ein gewaltig \nreaktion\u00e4res, frauen- und LGBTIQ*-verachtendes Menschenbild. Das \u00abL\u00e4be\u00bb,\n welches sie sich w\u00fcnschen, ist ein patriarchales, zutiefst sexistisches\n und konservatives Leben wo Frauen zu Geb\u00e4rmaschinen f\u00fcr Staat, Nation, \nKirche und Kapital degradiert werden und \u00fcber kein \nSelbstbestimmungsrecht verf\u00fcgen: Vo w\u00e4ge f\u00fcr\u2019s L\u00e4be!<\/p>\n\n\n\n<p>Die rechten Christ*innen proklamieren, dass Abtreibung Mord sei, die \npsychische Gesundheit gef\u00e4hrde und das christliche Modell der \npatriarchalen Kernfamilie aush\u00f6hle. Zur Untermauerung ihrer Argumente \nscheuen sie auch nicht davor zur\u00fcck, Menschen mit Behinderung auf die \nStrasse zu zerren. Dieses Vorgehen ist perfide und degradiert Menschen \nmit Behinderungen, in dem es sie als Werbetr\u00e4ger*innen reaktion\u00e4rer \nPositionen instrumentalisiert.<\/p>\n\n\n\n<p>Mitorganisiert wird der \u00abMarsch f\u00fcr\u2019s L\u00e4be\u00bb vom Z\u00fcrcher SVP-Politiker\n Daniel Regli, der in der Vergangenheit durch menschenverachtende \nAussagen zu Suizid bei Schwulen fragw\u00fcrdige Ber\u00fchmtheit erlangte. Aber \nauch die anderen OK-Mitglieder haben es in sich. Neben den \nAnbieter*innen moralisierender Beratungsseiten, finden sich hier auch \nzahlreiche Akteur*innen wieder, die offen islamophobe, \nfremdenfeindliche, homophobe und transphobe Positionen vertreten. So \netwa die Betreiber*innen der Website zukunft-ch.ch, die mit Texten und \nVeranstaltungen zu \u00dcberfremdung, aber auch zur Heilung Transsexueller \ndas Bild einer \u00abZukunft\u00bb zeichnen, in der nur weisse, \nhetero-cis-Christ*innen einen Platz haben. Ebenfalls vertreten waren die\n Mitglieder von \u00abChristen f\u00fcr die Wahrheit\u00bb, einer sektenartigen \nGruppierung, die immer wieder mit der Verbreitung schwurbeliger \nVerschw\u00f6rungstheorien und massiv queerfeindlicher Inhalte negativ \nauffallen.<\/p>\n\n\n\n<p>Fotos gibts beim <a href=\"http:\/\/www.ajour-mag.ch\">Ajour Magazin<\/a>, unter <a href=\"https:\/\/barrikade.info\/article\/2599\">Barrikade.info<\/a> und auf den Kan\u00e4len verschiedener linker Organisationen in Z\u00fcrich.<\/p>\n","protected":false},"excerpt":{"rendered":"<p>Etwa 1800 Aktivist*innen haben sich heute im Z\u00fcrcher Kreis 5 versammelt, um sich der reaktion\u00e4ren Hetze der christlichen Rechten entgegenzustellen. Mit verschiedenen Demonstrationen, Aktionen und vor allem lautstark haben wir das Recht auf Abtreibung und ein selbstbestimmtes Leben und eine &hellip; <a href=\"https:\/\/www.lagota.ch\/?p=3275\">Continue reading <span class=\"meta-nav\">&rarr;<\/span><\/a><\/p>\n","protected":false},"author":1,"featured_media":0,"comment_status":"closed","ping_status":"open","sticky":false,"template":"","format":"standard","meta":{"footnotes":""},"categories":[242,16],"tags":[105,373,902],"class_list":["post-3275","post","type-post","status-publish","format-standard","hentry","category-emanzipation","category-schweiz","tag-christliche-fundamentalisten","tag-marsch-furs-labe","tag-nazis"],"_links":{"self":[{"href":"https:\/\/www.lagota.ch\/index.php?rest_route=\/wp\/v2\/posts\/3275","targetHints":{"allow":["GET"]}}],"collection":[{"href":"https:\/\/www.lagota.ch\/index.php?rest_route=\/wp\/v2\/posts"}],"about":[{"href":"https:\/\/www.lagota.ch\/index.php?rest_route=\/wp\/v2\/types\/post"}],"author":[{"embeddable":true,"href":"https:\/\/www.lagota.ch\/index.php?rest_route=\/wp\/v2\/users\/1"}],"replies":[{"embeddable":true,"href":"https:\/\/www.lagota.ch\/index.php?rest_route=%2Fwp%2Fv2%2Fcomments&post=3275"}],"version-history":[{"count":1,"href":"https:\/\/www.lagota.ch\/index.php?rest_route=\/wp\/v2\/posts\/3275\/revisions"}],"predecessor-version":[{"id":3277,"href":"https:\/\/www.lagota.ch\/index.php?rest_route=\/wp\/v2\/posts\/3275\/revisions\/3277"}],"wp:attachment":[{"href":"https:\/\/www.lagota.ch\/index.php?rest_route=%2Fwp%2Fv2%2Fmedia&parent=3275"}],"wp:term":[{"taxonomy":"category","embeddable":true,"href":"https:\/\/www.lagota.ch\/index.php?rest_route=%2Fwp%2Fv2%2Fcategories&post=3275"},{"taxonomy":"post_tag","embeddable":true,"href":"https:\/\/www.lagota.ch\/index.php?rest_route=%2Fwp%2Fv2%2Ftags&post=3275"}],"curies":[{"name":"wp","href":"https:\/\/api.w.org\/{rel}","templated":true}]}}