{"id":3286,"date":"2019-10-07T13:27:59","date_gmt":"2019-10-07T12:27:59","guid":{"rendered":"http:\/\/www.lagota.ch\/?p=3286"},"modified":"2019-10-07T13:29:44","modified_gmt":"2019-10-07T12:29:44","slug":"transpi-aktion-gegen-roviva","status":"publish","type":"post","link":"https:\/\/www.lagota.ch\/?p=3286","title":{"rendered":"Transpi Aktion gegen Roviva"},"content":{"rendered":"\n<p>\n\n\t\t\tYou are here: <a href=\"https:\/\/resolut.noblogs.org\">Home<\/a>\n\t\t\t \u223c <a href=\"https:\/\/resolut.noblogs.org\/post\/2019\/\">2019<\/a>\n\t\t\t \u223c <a href=\"https:\/\/resolut.noblogs.org\/post\/2019\/10\/\">Oktober<\/a>\n\t\t\t \u223c <a href=\"https:\/\/resolut.noblogs.org\/post\/2019\/10\/06\/\">06<\/a>\n\t\t\t \u223c Transpi Aktion gegen Roviva\n\t\t\n\t\n\t\n\n\t\t\n\t\t\n\n\t\t\t\n\t\n\t\t\t\n\t\t\t\t\n\t\t\t\t\t\n\n\n\t\n\t\t\n\t\t\n\t\t\t<\/p>\n\n\n\n<h1 class=\"wp-block-heading\">Transpi Aktion gegen Roviva<\/h1>\n\n\n\n<p>\t\t\tPublished by <a href=\"https:\/\/resolut.noblogs.org\/post\/author\/resolut\/\">RESolut<\/a> on 2019\/10\/06  | <a href=\"https:\/\/resolut.noblogs.org\/post\/2019\/10\/06\/transpi-aktion-gegen-roviva\/#respond\">Leave a response<\/a><\/p>\n\n\n\n<p>&#8220;<strong>In der Nacht auf Sonntag haben wir in der Region Luzern  f\u00fcnf Gesch\u00e4fte besucht, die Roviva Produkte verkaufen und ein Transpi  hinterlassen.<\/strong><\/p>\n\n\n\n<p><img loading=\"lazy\" decoding=\"async\" width=\"400\" height=\"533\" class=\"wp-image-3287\" style=\"width: 400px;\" src=\"https:\/\/www.lagota.ch\/wp-content\/uploads\/nazifreietr\u00e4ume.jpg\" alt=\"\" srcset=\"https:\/\/www.lagota.ch\/wp-content\/uploads\/nazifreietr\u00e4ume.jpg 768w, https:\/\/www.lagota.ch\/wp-content\/uploads\/nazifreietr\u00e4ume-225x300.jpg 225w\" sizes=\"auto, (max-width: 400px) 100vw, 400px\" \/><br><br>Der CEO und Alleininhaber der Firma Roviva, Peter Patrik Roth ist  seit Jahren in der lokalen und internationalen Neonaziszene unterwegs  und gut vernetzt. Mit den Einnahmen von Roviva unterst\u00fctzt er die  Rechtsextreme Szene kr\u00e4ftig. So unterst\u00fctzte er zum Beispiel die  rechtsextreme Kleidermarke White Rex mit CHF 50\u2019000.-<\/p>\n\n\n\n<p>Wer Roviva kauft unterst\u00fctzt Neonazis. Wir fordern Peter Patrik Roth \nauf, sich zur\u00fcckzuziehen und die Leitung der Firma Roviva der \nBelegschaft zu \u00fcbergeben.<\/p>\n\n\n\n<p>Folgende Gesch\u00e4fte wurden besucht:<\/p>\n\n\n\n<p><strong>Boycott Roviva<\/strong><\/p>\n\n\n\n<p>Wohnidee Luzern AG<br>\nMetzgerrainli 6<br>\n6004 Luzern<\/p>\n\n\n\n<p><strong>Good night white pride<\/strong><\/p>\n\n\n\n<p>Reseda Luzern<br>\nObergrundstrasse 42<br>\n6003 Luzern<\/p>\n\n\n\n<p><strong>Nazi freie Tr\u00e4ume<\/strong><\/p>\n\n\n\n<p>Exclusiv Wollbett<br>\nLuzernerstrasse 3<br>\n6010 Kriens<\/p>\n\n\n\n<p><strong>Schlaf nicht mir Nazis<\/strong><\/p>\n\n\n\n<p>KARE Luzern<br>\nEmmenweidstrasse 16<br>\n6020 Emmenbr\u00fccke<\/p>\n\n\n\n<p><strong>Tr\u00e4um nicht vom dritten Reich<\/strong><\/p>\n\n\n\n<p>N\u00e4f M\u00f6belhaus<br> Seestrasse 2<br> 6052 Hergiswil<br><br>Quelle: <a href=\"http:\/\/www.resolut.tk\/\">http:\/\/www.resolut.tk\/<\/a><\/p>\n","protected":false},"excerpt":{"rendered":"<p>You are here: Home \u223c 2019 \u223c Oktober \u223c 06 \u223c Transpi Aktion gegen Roviva Transpi Aktion gegen Roviva Published by RESolut on 2019\/10\/06 | Leave a response &#8220;In der Nacht auf Sonntag haben wir in der Region Luzern f\u00fcnf &hellip; <a href=\"https:\/\/www.lagota.ch\/?p=3286\">Continue reading <span class=\"meta-nav\">&rarr;<\/span><\/a><\/p>\n","protected":false},"author":1,"featured_media":0,"comment_status":"closed","ping_status":"open","sticky":false,"template":"","format":"standard","meta":{"footnotes":""},"categories":[13,328,11],"tags":[173,1169,1168],"class_list":["post-3286","post","type-post","status-publish","format-standard","hentry","category-antifa","category-antira","category-luzern","tag-neonazis","tag-patrick-roth","tag-roviva"],"_links":{"self":[{"href":"https:\/\/www.lagota.ch\/index.php?rest_route=\/wp\/v2\/posts\/3286","targetHints":{"allow":["GET"]}}],"collection":[{"href":"https:\/\/www.lagota.ch\/index.php?rest_route=\/wp\/v2\/posts"}],"about":[{"href":"https:\/\/www.lagota.ch\/index.php?rest_route=\/wp\/v2\/types\/post"}],"author":[{"embeddable":true,"href":"https:\/\/www.lagota.ch\/index.php?rest_route=\/wp\/v2\/users\/1"}],"replies":[{"embeddable":true,"href":"https:\/\/www.lagota.ch\/index.php?rest_route=%2Fwp%2Fv2%2Fcomments&post=3286"}],"version-history":[{"count":3,"href":"https:\/\/www.lagota.ch\/index.php?rest_route=\/wp\/v2\/posts\/3286\/revisions"}],"predecessor-version":[{"id":3290,"href":"https:\/\/www.lagota.ch\/index.php?rest_route=\/wp\/v2\/posts\/3286\/revisions\/3290"}],"wp:attachment":[{"href":"https:\/\/www.lagota.ch\/index.php?rest_route=%2Fwp%2Fv2%2Fmedia&parent=3286"}],"wp:term":[{"taxonomy":"category","embeddable":true,"href":"https:\/\/www.lagota.ch\/index.php?rest_route=%2Fwp%2Fv2%2Fcategories&post=3286"},{"taxonomy":"post_tag","embeddable":true,"href":"https:\/\/www.lagota.ch\/index.php?rest_route=%2Fwp%2Fv2%2Ftags&post=3286"}],"curies":[{"name":"wp","href":"https:\/\/api.w.org\/{rel}","templated":true}]}}