{"id":3291,"date":"2019-10-11T12:43:52","date_gmt":"2019-10-11T11:43:52","guid":{"rendered":"http:\/\/www.lagota.ch\/?p=3291"},"modified":"2019-10-11T12:43:52","modified_gmt":"2019-10-11T11:43:52","slug":"tag-x-wurde-ausgerufen","status":"publish","type":"post","link":"https:\/\/www.lagota.ch\/?p=3291","title":{"rendered":"TAG X WURDE AUSGERUFEN!"},"content":{"rendered":"\n<p>!Der Angriffskrieg des \nt\u00fcrkischen Milit\u00e4rs mit islamistischen Gruppen hat begonnen! Panzer und \nschwere Gesch\u00fctze bombardieren die St\u00e4dte, Wohnh\u00e4user in Rojava.<\/p>\n\n\n\n<p><strong>!Der Angriffskrieg des t\u00fcrkischen Milit\u00e4rs mit islamistischen Gruppen hat begonnen!<\/strong>\n Panzer und schwere Gesch\u00fctze bombardieren die St\u00e4dte, Wohnh\u00e4user in \nRojava.  Das US-Amerikanische Milit\u00e4r hat den Menschen den R\u00fccken \nzugekehrt und den Luftraum f\u00fcr die T\u00fcrkei freigegeben. Kampfjets \nbombardieren die St\u00e4dte. In ihrem Schlepptau werden zehntausende \nMitglieder islamistischer Gruppen in Rojava\/Nordostsyrien \neinmarschieren. Das t\u00fcrkische Milit\u00e4r schiesst auf die Kr\u00e4fte, die \nIS-Gefangene bewachen.<\/p>\n\n\n\n<p><strong>Der Widerstand der Frauen- \nund Volksverteidigungseinheiten (YPJ\/YPG), der SDF und der Menschen in \nNord- und Ostsyrien hat begonnen.<\/strong> Diejenigen, die durch die \nOpfer von tausenden Gefallenen und den mutigen Widerstand der \nBev\u00f6lkerung, den Islamischen Staat besiegt haben, verteidigen mit aller \nKraft das Leben und die Werte welches sie gemeinsam aufgebaut haben.<\/p>\n\n\n\n<p><strong>Tragen wir unseren Teil dazu bei und Verteidigung wir diese Revolution auch von hier aus!<\/strong>  Decken wir die milit\u00e4rische, wirtschaftliche und diplomatische  Zusammenarbeit zwischen der T\u00fcrkei, den USA, der NATO und den  europ\u00e4ischen Staaten  auf und greifen wir sie politisch an. Keine  Unterst\u00fctzung f\u00fcr Erdogan, sein Regime und seinen Krieg! Keine  Waffenlieferung und keine finanzielle oder politische Beihilfe zur  t\u00fcrkischen Vernichtungspolitik!<br><img loading=\"lazy\" decoding=\"async\" width=\"400\" height=\"566\" class=\"wp-image-3292\" style=\"width: 400px;\" src=\"https:\/\/www.lagota.ch\/wp-content\/uploads\/tagxrojava.jpg\" alt=\"\" srcset=\"https:\/\/www.lagota.ch\/wp-content\/uploads\/tagxrojava.jpg 1169w, https:\/\/www.lagota.ch\/wp-content\/uploads\/tagxrojava-212x300.jpg 212w, https:\/\/www.lagota.ch\/wp-content\/uploads\/tagxrojava-768x1087.jpg 768w, https:\/\/www.lagota.ch\/wp-content\/uploads\/tagxrojava-724x1024.jpg 724w\" sizes=\"auto, (max-width: 400px) 100vw, 400px\" \/><\/p>\n\n\n\n<p><strong>Tag X hat begonnen:<\/strong> \ngehen wir auf die Stra\u00dfen, machen Aktionen, besetzen, st\u00f6ren und \nblockieren! Zeigen wir den Verantwortlichen in den Regierungsb\u00fcros und \nFirmensitzen was wir von ihrem Krieg haltet! Gemeinsam k\u00f6nnen wir den \nAngriffskrieg der T\u00fcrkei stoppen! Kein Krieg gegen Nordsyrien! Wir sind \n\u00fcberall. Haltet Ohren und Augen offen f\u00fcr die Mobilisierungen in eurer \nUmgebung. Und vor allem; Organisiert euch und, los!<\/p>\n\n\n\n<p><em>\u201eWir m\u00fcssen vom Protest zum Permanenten politischen Widerstand \n\u00fcbertreten. Die Bev\u00f6lkerung Kurdistans und Nordostsyriens ist im Krieg, \nund wir als Antifaschist_innen und Revolution\u00e4r_innen werden die Orte \nmilit\u00e4rischer, diplomatischer und wirtschaftlicher Zusammenarbeit mit \ndem t\u00fcrkischen Faschismus in unseren L\u00e4ndern besetzen, st\u00f6ren, \nblockieren und zerst\u00f6ren!\u201c<\/em><\/p>\n\n\n\n<p><strong>Der Widerstand in Rojava wird von langem Atem sein. Tag X ist\n nicht nur ein Tag. Tag X ist der Beginn einer lang anhaltenden \nhistorischen Phase!<\/strong><\/p>\n\n\n\n<p><strong>Hoch die internationale Solidarit\u00e4t!  Rojava ist auch unser Kampf!<\/strong><\/p>\n\n\n\n<p>\t\t\t\t<strong>riseup4rojava.org  | \t#fight4rojava  |  t.me\/rojavaagenda<\/strong><\/p>\n","protected":false},"excerpt":{"rendered":"<p>!Der Angriffskrieg des t\u00fcrkischen Milit\u00e4rs mit islamistischen Gruppen hat begonnen! Panzer und schwere Gesch\u00fctze bombardieren die St\u00e4dte, Wohnh\u00e4user in Rojava. !Der Angriffskrieg des t\u00fcrkischen Milit\u00e4rs mit islamistischen Gruppen hat begonnen! Panzer und schwere Gesch\u00fctze bombardieren die St\u00e4dte, Wohnh\u00e4user in Rojava. &hellip; <a href=\"https:\/\/www.lagota.ch\/?p=3291\">Continue reading <span class=\"meta-nav\">&rarr;<\/span><\/a><\/p>\n","protected":false},"author":1,"featured_media":0,"comment_status":"closed","ping_status":"open","sticky":false,"template":"","format":"standard","meta":{"footnotes":""},"categories":[10,713,11,1170],"tags":[1163,719,934,447,257],"class_list":["post-3291","post","type-post","status-publish","format-standard","hentry","category-aus-aller-welt","category-kurdistan","category-luzern","category-rojava","tag-kurdistan","tag-rojava","tag-trump","tag-turkei","tag-usa"],"_links":{"self":[{"href":"https:\/\/www.lagota.ch\/index.php?rest_route=\/wp\/v2\/posts\/3291","targetHints":{"allow":["GET"]}}],"collection":[{"href":"https:\/\/www.lagota.ch\/index.php?rest_route=\/wp\/v2\/posts"}],"about":[{"href":"https:\/\/www.lagota.ch\/index.php?rest_route=\/wp\/v2\/types\/post"}],"author":[{"embeddable":true,"href":"https:\/\/www.lagota.ch\/index.php?rest_route=\/wp\/v2\/users\/1"}],"replies":[{"embeddable":true,"href":"https:\/\/www.lagota.ch\/index.php?rest_route=%2Fwp%2Fv2%2Fcomments&post=3291"}],"version-history":[{"count":1,"href":"https:\/\/www.lagota.ch\/index.php?rest_route=\/wp\/v2\/posts\/3291\/revisions"}],"predecessor-version":[{"id":3293,"href":"https:\/\/www.lagota.ch\/index.php?rest_route=\/wp\/v2\/posts\/3291\/revisions\/3293"}],"wp:attachment":[{"href":"https:\/\/www.lagota.ch\/index.php?rest_route=%2Fwp%2Fv2%2Fmedia&parent=3291"}],"wp:term":[{"taxonomy":"category","embeddable":true,"href":"https:\/\/www.lagota.ch\/index.php?rest_route=%2Fwp%2Fv2%2Fcategories&post=3291"},{"taxonomy":"post_tag","embeddable":true,"href":"https:\/\/www.lagota.ch\/index.php?rest_route=%2Fwp%2Fv2%2Ftags&post=3291"}],"curies":[{"name":"wp","href":"https:\/\/api.w.org\/{rel}","templated":true}]}}