{"id":3294,"date":"2019-10-14T14:15:07","date_gmt":"2019-10-14T13:15:07","guid":{"rendered":"http:\/\/www.lagota.ch\/?p=3294"},"modified":"2019-10-14T14:15:07","modified_gmt":"2019-10-14T13:15:07","slug":"grosse-antikriegsdemo","status":"publish","type":"post","link":"https:\/\/www.lagota.ch\/?p=3294","title":{"rendered":"Grosse Antikriegsdemo"},"content":{"rendered":"\n<p>\nStoppt den Krieg in Nord Syrien<\/p>\n\n\n\n<p><img loading=\"lazy\" decoding=\"async\" width=\"450\" height=\"636\" class=\"wp-image-3295\" style=\"width: 450px;\" src=\"https:\/\/www.lagota.ch\/wp-content\/uploads\/antikrieg.jpg\" alt=\"\" srcset=\"https:\/\/www.lagota.ch\/wp-content\/uploads\/antikrieg.jpg 679w, https:\/\/www.lagota.ch\/wp-content\/uploads\/antikrieg-212x300.jpg 212w\" sizes=\"auto, (max-width: 450px) 100vw, 450px\" \/><br>F\u00fcr den Samstag ruft ein breites B\u00fcndnis zur Anti Krieg Demo in Luzern auf.<\/p>\n\n\n\n<p>Unsere Forderungen:<br>\u2022 Die Schweiz soll alles in ihrer Macht stehende unternehmen, um die t\u00fcrkische Invasion zu stoppen<br>\u2022 Sofortiger Stopp der Waffenexporte<br>\u2022 Einfrierung allf\u00e4lliger Verm\u00f6gen der t\u00fcrkischen Regierung auf Schweizer Bankkonten<br>\u2022 Das Ende der Zusammenarbeit von Schweizer Unternehmen mit t\u00fcrkischen Kriegstreiber*innen<br>\u2022 Das Ende der Unterdr\u00fcckung der Kurd*innen<\/p>\n\n\n\n<p>Zur Demo rufen auf:<br><a target=\"_blank\" href=\"https:\/\/www.facebook.com\/resolutluzern\/\" rel=\"noreferrer noopener\">Resolut<\/a><br><a target=\"_blank\" href=\"https:\/\/www.facebook.com\/gsoa.ch\/\" rel=\"noreferrer noopener\">GSoA &#8211; Gruppe f\u00fcr eine Schweiz ohne Armee<\/a><br><a target=\"_blank\" href=\"https:\/\/www.facebook.com\/JungeGrueneKtLU\/\" rel=\"noreferrer noopener\">Junge Gr\u00fcne Kanton Luzern<\/a><br><a target=\"_blank\" href=\"https:\/\/www.facebook.com\/grueneluzern\/\" rel=\"noreferrer noopener\">Gr\u00fcne Luzern<\/a><\/p>\n","protected":false},"excerpt":{"rendered":"<p>Stoppt den Krieg in Nord Syrien F\u00fcr den Samstag ruft ein breites B\u00fcndnis zur Anti Krieg Demo in Luzern auf. Unsere Forderungen:\u2022 Die Schweiz soll alles in ihrer Macht stehende unternehmen, um die t\u00fcrkische Invasion zu stoppen\u2022 Sofortiger Stopp der &hellip; <a href=\"https:\/\/www.lagota.ch\/?p=3294\">Continue reading <span class=\"meta-nav\">&rarr;<\/span><\/a><\/p>\n","protected":false},"author":1,"featured_media":0,"comment_status":"closed","ping_status":"open","sticky":false,"template":"","format":"standard","meta":{"footnotes":""},"categories":[10,713,11,1170,4],"tags":[1171,1163,1148,100,1172],"class_list":["post-3294","post","type-post","status-publish","format-standard","hentry","category-aus-aller-welt","category-kurdistan","category-luzern","category-rojava","category-veranstaltung","tag-antikrieg","tag-kurdistan","tag-luzern","tag-syrien","tag-waffenexporte"],"_links":{"self":[{"href":"https:\/\/www.lagota.ch\/index.php?rest_route=\/wp\/v2\/posts\/3294","targetHints":{"allow":["GET"]}}],"collection":[{"href":"https:\/\/www.lagota.ch\/index.php?rest_route=\/wp\/v2\/posts"}],"about":[{"href":"https:\/\/www.lagota.ch\/index.php?rest_route=\/wp\/v2\/types\/post"}],"author":[{"embeddable":true,"href":"https:\/\/www.lagota.ch\/index.php?rest_route=\/wp\/v2\/users\/1"}],"replies":[{"embeddable":true,"href":"https:\/\/www.lagota.ch\/index.php?rest_route=%2Fwp%2Fv2%2Fcomments&post=3294"}],"version-history":[{"count":1,"href":"https:\/\/www.lagota.ch\/index.php?rest_route=\/wp\/v2\/posts\/3294\/revisions"}],"predecessor-version":[{"id":3296,"href":"https:\/\/www.lagota.ch\/index.php?rest_route=\/wp\/v2\/posts\/3294\/revisions\/3296"}],"wp:attachment":[{"href":"https:\/\/www.lagota.ch\/index.php?rest_route=%2Fwp%2Fv2%2Fmedia&parent=3294"}],"wp:term":[{"taxonomy":"category","embeddable":true,"href":"https:\/\/www.lagota.ch\/index.php?rest_route=%2Fwp%2Fv2%2Fcategories&post=3294"},{"taxonomy":"post_tag","embeddable":true,"href":"https:\/\/www.lagota.ch\/index.php?rest_route=%2Fwp%2Fv2%2Ftags&post=3294"}],"curies":[{"name":"wp","href":"https:\/\/api.w.org\/{rel}","templated":true}]}}