{"id":3323,"date":"2019-11-20T13:21:55","date_gmt":"2019-11-20T12:21:55","guid":{"rendered":"http:\/\/www.lagota.ch\/?p=3323"},"modified":"2019-11-20T13:21:55","modified_gmt":"2019-11-20T12:21:55","slug":"demo-in-bern-revolutionare-kampfe-verbinden","status":"publish","type":"post","link":"https:\/\/www.lagota.ch\/?p=3323","title":{"rendered":"Demo in Bern: Revolution\u00e4re K\u00e4mpfe verbinden!"},"content":{"rendered":"\n<p><img loading=\"lazy\" decoding=\"async\" width=\"600\" height=\"336\" class=\"wp-image-3324\" style=\"width: 600px;\" src=\"https:\/\/www.lagota.ch\/wp-content\/uploads\/demobernrevolution.png\" alt=\"\" srcset=\"https:\/\/www.lagota.ch\/wp-content\/uploads\/demobernrevolution.png 710w, https:\/\/www.lagota.ch\/wp-content\/uploads\/demobernrevolution-300x168.png 300w\" sizes=\"auto, (max-width: 600px) 100vw, 600px\" \/><br><em>Quelle: <a href=\"https:\/\/revolution\u00e4r.ch\/?p=4643\">https:\/\/revolution\u00e4r.ch\/?p=4643<\/a><\/em><br>Zehn Jahre nach der Weltwirtschaftskrise zeigen sich die  langfristigen Auswirkungen; die prek\u00e4ren Situationen der Menschen haben  sich nicht verbessert, die allt\u00e4glichen Kosten werden weiterhin erh\u00f6ht,  die Arbeitsbedingungen sind weiterhin miserabel und das Erstarken der  faschistischen Ideologien f\u00fchrt zu vermehrten Vertreibungen, Morden und  st\u00e4ndiger Unsicherheit. Die W\u00e4lder werden abgebrannt, die  Lebensgrundlage vieler Communities wurden und werden zerst\u00f6rt und die  Meere weiterhin verschmutzt. Nun reichen an vielen Orten eine weitere  Erh\u00f6hung der Lebenskosten um das Fass zum \u00dcberlaufen zu bringen und  breite, massive Proteste auszul\u00f6sen. \u00dcberall auf der Welt leisten  Menschen Widerstand und bauen neue Strukturen auf \u2013 sie \u00fcbernehmen  kollektive Verantwortung. Sie vertrauen nicht mehr auf die Regierungen  und organisieren ihr Leben gemeinsam. Es ist klar wer die Verantwortung  f\u00fcr die Zerst\u00f6rung und Ausbeutung der Menschen und der Umwelt tr\u00e4gt, so  richtet sich auch der Protest gegen all die Grosskonzerne und  Regierungen.<br> Die westlichen L\u00e4nder profitieren durch  die tiefen L\u00f6hne und schlechten Arbeitsbedingungen; all die neuen  Technologien k\u00f6nnen nur durch den st\u00e4ndigen Abbau von Ressourcen und der  damit verbundenen Zerst\u00f6rung der Umwelt in den s\u00fcdlichen Regionen  entwickelt und produziert werden.<br> Auch die Schweiz ist darin verwickelt.<br>  Die Schweiz profitierte schon immer vom Sklavenhandel, vom  Kolonialismus und vom Neokolonialismus; nur wegen der weltweiten  Ausbeutung geh\u00f6rt die Schweiz zu einem der reichsten L\u00e4nder. Etliche  Schweizer Unternehmen und Banken profitieren von und investieren in die  Kriege, die Waldbr\u00e4nde und die miserablen Arbeitsbedingungen.<\/p>\n\n\n\n<h4 class=\"wp-block-heading\"><strong>Chile<\/strong><\/h4>\n\n\n\n<p>Im Oktober wollte die Regierung Chiles den Preis der Metrotickets \ninnerhalb der Hauptstadt erh\u00f6hen. Dieser Anlass l\u00f6ste Proteste unter \nStudent*innen aus, welche bald auf die restlichen Menschen \n\u00fcberschwappten. Nun werden die Anliegen der Bev\u00f6lkerung auf die Strasse \ngetragen und das Land ist im Ausnahmezustand.<\/p>\n\n\n\n<h4 class=\"wp-block-heading\"><strong>Rojava<\/strong><\/h4>\n\n\n\n<p>Die Menschen in Nordsyrien konnten sich in den Wirren des Syrischen \nB\u00fcrgerkrieges, selber organisieren und ihre Selbstverteidigung \n\u00fcbernehmen. So bek\u00e4mpften und besiegten sie erfolgreich den Islamischen \nStaat. In der Gesellschaft wird viel Wert darauf gelegt, dass jede \nEthnie und Religion seine Vertretungen hat. Auch in Sachen \nGleichberechtigung erzielten die Menschen riesen Schritte, so \norganisieren sich Frauen* selber und k\u00e4mpfen in eigenen Verb\u00e4nden. Nach \ndem Abzug der USA aus dem Gebiet wird das emanzipatorisches Projekt mit \nAusstrahlungskraft auf ganz Vorderasien durch Erdogans Angriffs- und \nVernichtungskrieg wieder stark bedroht. Die Menschen vor Ort leisten \nriesigen Widerstand, dies ganz ohne Unterst\u00fctzung der internationalen \nM\u00e4chte \u2013 jedoch mit einer grossen internationalen Solidarit\u00e4tsbewegung \nwelche unz\u00e4hlige Aktionen und Proteste organisiert.<\/p>\n\n\n\n<h4 class=\"wp-block-heading\"><strong>Brasilien &amp; Indigene<\/strong><\/h4>\n\n\n\n<p>Seit Bolsonaros Amtsantritt gibt es immer mehr \u00dcbergriffe durch \nGrossgrundbesitzer*innen, Bergbau, Holz- und Drogenmafia auf Indigene. \nDoch diese erheben sich und demonstrieren um ihre Rechte vor dieser \nfaschistischen Regierung zu verteidigen.<\/p>\n\n\n\n<h4 class=\"wp-block-heading\"><strong>Ecuador<\/strong><\/h4>\n\n\n\n<p>Elf Tage lang gab es in Ecuador schwere Proteste gegen ein \nSparprogramm zu Missgunsten Indigener und Kleinbauern und -b\u00e4uerinnen. \nNach einer Einigung Mitte Oktober sitzen immer noch \u00fcber Tausend \nDemonstrant*innen in Haft. Die Proteste gegen die herrschende Regierung \nund ihr Handeln werden bis heute kriminalisiert, h\u00f6ren aber dennoch \nnicht auf.<\/p>\n\n\n\n<h4 class=\"wp-block-heading\"><strong>Hongkong<\/strong><\/h4>\n\n\n\n<p>Seit letzten Fr\u00fchling ein Gesetzesentwurf vorgeschlagen wurde, der \nunter anderem die Auslieferung von Menschen nach Festland-China erlaubt,\n gehen Milionen von Menschen regelm\u00e4ssig gegen die Regierung auf die \nStrasse. Obwohl der Gesetzesentwurf zur\u00fcckgezogen wurde, flachten die \nProteste nicht ab. Die Menschen entwickelten verschiedene Aktionsformen,\n damit der Protest nicht nur auf der Strasse stattfindet.<\/p>\n\n\n\n<h4 class=\"wp-block-heading\"><strong>Irak<\/strong><\/h4>\n\n\n\n<p>Diesen Herbst sind im Irak breite Proteste gegen die Regierung, gegen\n Korruption und gegen die prek\u00e4ren Lebensbedingungen entflammt. Obwohl \nbei den Protesten schon um die Hundert Menschen von der Polizei ermordet\n wurden, sind weiterhin tausende Menschen auf der Strasse.<\/p>\n\n\n\n<h4 class=\"wp-block-heading\"><strong>Kuwait<\/strong><\/h4>\n\n\n\n<p>Inspiriert durch die Proteste im Irak sind im Nachbarland Kuwait seit\n mehreren Tagen tausende Menschen gegen Korruption auf der Strasse.<\/p>\n\n\n\n<h4 class=\"wp-block-heading\"><strong>Frankreich<\/strong><\/h4>\n\n\n\n<p>Exakt vor einem Jahr startete die GiletsJaunes Bewegung mit ihren \nProtesten. Kreisel wurden besetzt, Kaufh\u00e4user blockiert und es kam zu \nstarken militanten Protesten in den Grossst\u00e4dten. Ausl\u00f6ser dazu war auch\n die angedrohte Treibstofferh\u00f6hung. Trotz dem R\u00fcckzug ebendieser \nErh\u00f6hung machten die Leute weiter. Sie lernten in den Zeiten des Kampfes\n was es bedeutet sich zusammen zu schliessen und viele sahen, dass sie \nmit ihrer prek\u00e4ren Lebenssituation nicht alleine sind. Tausende Menschen\n wurden in diesem Jahr verletzt, hunderte befinden sich nach wie vor im \nGef\u00e4ngnis, die Bewegung k\u00e4mpft weiter.<br> Gleichzeitig \nentstand auch die Bewegung der Gilets Noir, die gegen die Umst\u00e4nde in \ndenen (undokumentierte) migrierte Menschen in Frankreich leben m\u00fcssen, \nk\u00e4mpften.<\/p>\n\n\n\n<h4 class=\"wp-block-heading\"><strong>Haiti<\/strong><\/h4>\n\n\n\n<p>In Haiti finden seit Mitte September heftige Massenproteste statt. \nDiese Proteste richten sich gegen den herrschenden Pr\u00e4sidenten und \ndessen Regierung und fordern dabei zahlreiche Tote, doch die Menschen \ngeben nicht auf.<\/p>\n\n\n\n<h4 class=\"wp-block-heading\"><strong>Athen<\/strong><\/h4>\n\n\n\n<p>Seit im Sommer 2019 die linke Syriza Partei von der rechten \nNeoDemokratia abgel\u00f6st wurde weht wieder ein rechter Wind in \nGriechenland. Oberstes Ziel der wieder an die Macht gekommenen Partei \nist es Migrant*innen und Linke zu bek\u00e4mpfen. So wurden in den letzten \nzwei Monaten viele migrantische Projekte angegriffen und ger\u00e4umt, die \nFl\u00fcchtlingslager auf den Inseln zur Grenze der T\u00fcrkei sind massiv \n\u00fcberf\u00fcllt und es kommt zu brutaler und t\u00f6dlicher Staatsgewalt. Die \nSolidarit\u00e4t und der Zusammenhalt unter den Gefl\u00fcchteten f\u00fchrt jedoch \nauch immer wieder zu spontanen Aufst\u00e4nden und Widerstand gegen die \nrassistische Polizei.<\/p>\n\n\n\n<h4 class=\"wp-block-heading\"><strong>Bundeslager &amp; Asylcamps<\/strong><\/h4>\n\n\n\n<p>Die Festung Europa r\u00fcstet st\u00e4ndig auf, trotzdem \u00fcberwinden tausende \nvon Menschen j\u00e4hrlich die Grenzen. In den Lagern, in die die migrierten \nMenschen gesteckt werden, brodelt es immer wieder und kommt zu heftigen \nProtesten gegen die Einsperrung und Isolierung. Auch in der Schweiz \nleisten die Menschen, die in den Bundes- und Asyllager eingesperrt sind \nimmer wieder Widerstand und organisieren sich gegen die Asylmaschinerie.<\/p>\n\n\n\n<h4 class=\"wp-block-heading\"><strong>Libanon<\/strong><\/h4>\n\n\n\n<p>Seit einem Monat gibt es st\u00e4ndig Demonstrationen. Die Massenproteste \nwurden ausgel\u00f6st durch die wachsende Korruption der Regierung, \nVetternwirtschaft und sozialer Ungerechtigkeit. Hunderttausende \nLibanes*innen verleihen ihrer Wut auf der Strasse Ausdruck.<\/p>\n\n\n\n<h4 class=\"wp-block-heading\"><strong>Kampf gegen Landenteignungen und Grosskonzerne<\/strong><\/h4>\n\n\n\n<p>In vielen Regionen Afrikas und S\u00fcdamerikas gibt es immer wieder \nheftige Proteste gegen haupt\u00e4chlich westliche Grosskonzerne, die den \nlokalen Menschen ihr Land rauben und dabei nicht vor Mord und \nEntf\u00fchrungen zur\u00fcckschrecken.<\/p>\n\n\n\n<p>Dies ist nur ein Bruchteil all der K\u00e4mpfe, die weltweit stattfinden; \nwir laden dazu ein, weitere emanzipatorische K\u00e4mpfe an die Demo zu \ntragen, sei es in Form einer Rede, einer Aktion, eines Banners\u2026<\/p>\n\n\n\n<p>Was all diese K\u00e4mpfe gemeinsam haben, ist die Diversit\u00e4t der \nWiderstandsformen und dadurch auch die breite Beteiligung daran. Die \nProteste haben keine F\u00fchrung, im Gegenteil sie richten sich h\u00e4ufig gegen\n Institutionen und Parteien, die die Proteste vereinnahmen wollen. Die \nKraft geht von den Menschen aus, die kaum mehr was zu verlieren haben \u2013 \ndie die Auswirkungen des kapitalistischen Systems am st\u00e4rksten zu sp\u00fcren\n bekommen.<br> Die Bewegungen sind internationalistisch \u2013\n sie beziehen sich aufeinander, zeigen sich solidarisch und profitieren \naus den gemachten Erfahrungen.<\/p>\n\n\n\n<p>Lassen auch wir uns inspirieren, zeigen uns solidarisch und lernen \nvon den weltweiten K\u00e4mpfen. Nehmen wir unsere Verantwortung in einem der\n privilegiertesten L\u00e4nder wahr und zeigen die Rolle der Schweiz in der \nweltweiten Ausbeutung und Zerst\u00f6rung der Menschen und Umwelt auf. Tragen\n wir die Stimmen und Parolen der K\u00e4mpfe auf die Strassen Berns.<br> <strong>Gemeinsam auf die Strasse am 23. November 2019 um 15 Uhr \u2013 Bahnhofplatz Bern!<\/strong><\/p>\n\n\n\n<hr class=\"wp-block-separator\"\/>\n\n\n\n<p><em>Da wir uns die Strassen selbstbestimmt nehmen wollen und nicht um \nErlaubnis bitten werden, wird die Demonstration unbewilligt sein. Wir \nsind uns jedoch bewusst, dass dadurch die Teilnahme f\u00fcr Menschen in \nprek\u00e4ren Situationen erschwert sein kann und werden diesen Aspekt in der\n Planung der Demonstration mitber\u00fccksichtigen.<\/em><\/p>\n","protected":false},"excerpt":{"rendered":"<p>Quelle: https:\/\/revolution\u00e4r.ch\/?p=4643Zehn Jahre nach der Weltwirtschaftskrise zeigen sich die langfristigen Auswirkungen; die prek\u00e4ren Situationen der Menschen haben sich nicht verbessert, die allt\u00e4glichen Kosten werden weiterhin erh\u00f6ht, die Arbeitsbedingungen sind weiterhin miserabel und das Erstarken der faschistischen Ideologien f\u00fchrt zu vermehrten &hellip; <a href=\"https:\/\/www.lagota.ch\/?p=3323\">Continue reading <span class=\"meta-nav\">&rarr;<\/span><\/a><\/p>\n","protected":false},"author":1,"featured_media":0,"comment_status":"closed","ping_status":"open","sticky":false,"template":"","format":"standard","meta":{"footnotes":""},"categories":[49,172,16,4,108],"tags":[102,66,32,1156],"class_list":["post-3323","post","type-post","status-publish","format-standard","hentry","category-antirep","category-gefangeneninfos","category-schweiz","category-veranstaltung","category-wirtschaftskrise","tag-bern","tag-demo","tag-revolution","tag-wirtschaftskrise"],"_links":{"self":[{"href":"https:\/\/www.lagota.ch\/index.php?rest_route=\/wp\/v2\/posts\/3323","targetHints":{"allow":["GET"]}}],"collection":[{"href":"https:\/\/www.lagota.ch\/index.php?rest_route=\/wp\/v2\/posts"}],"about":[{"href":"https:\/\/www.lagota.ch\/index.php?rest_route=\/wp\/v2\/types\/post"}],"author":[{"embeddable":true,"href":"https:\/\/www.lagota.ch\/index.php?rest_route=\/wp\/v2\/users\/1"}],"replies":[{"embeddable":true,"href":"https:\/\/www.lagota.ch\/index.php?rest_route=%2Fwp%2Fv2%2Fcomments&post=3323"}],"version-history":[{"count":1,"href":"https:\/\/www.lagota.ch\/index.php?rest_route=\/wp\/v2\/posts\/3323\/revisions"}],"predecessor-version":[{"id":3325,"href":"https:\/\/www.lagota.ch\/index.php?rest_route=\/wp\/v2\/posts\/3323\/revisions\/3325"}],"wp:attachment":[{"href":"https:\/\/www.lagota.ch\/index.php?rest_route=%2Fwp%2Fv2%2Fmedia&parent=3323"}],"wp:term":[{"taxonomy":"category","embeddable":true,"href":"https:\/\/www.lagota.ch\/index.php?rest_route=%2Fwp%2Fv2%2Fcategories&post=3323"},{"taxonomy":"post_tag","embeddable":true,"href":"https:\/\/www.lagota.ch\/index.php?rest_route=%2Fwp%2Fv2%2Ftags&post=3323"}],"curies":[{"name":"wp","href":"https:\/\/api.w.org\/{rel}","templated":true}]}}