{"id":3327,"date":"2019-11-25T13:38:41","date_gmt":"2019-11-25T12:38:41","guid":{"rendered":"http:\/\/www.lagota.ch\/?p=3327"},"modified":"2019-11-25T13:38:41","modified_gmt":"2019-11-25T12:38:41","slug":"meldungen-zu-rechtsextremismus-und-rassismus-in-der-schweiz-2","status":"publish","type":"post","link":"https:\/\/www.lagota.ch\/?p=3327","title":{"rendered":"Meldungen zu Rechtsextremismus und Rassismus in der Schweiz"},"content":{"rendered":"\n<p><strong>Der SonntagsBlick berichtet \u00fcber \neinen SVP-Lokalpolitiker, der Mitte April mit Tr\u00e4nengas einen Teilnehmer\n einer antirassistischen Kundgbung angriff.<\/strong><\/p>\n\n\n\n<p>Vor wenigen Jahren geh\u00f6rte er zu den Gr\u00fcndungsmitgliedern einer \nSVP-Ortsektion im Kanton Schwyz, noch heute sitzt er als Vize-Pr\u00e4sident \nim Vorstand. Und er ist an einem Samstag Mitte April in Schwyz vor Ort, \nals sich rund 250 Menschen zu einer Kundgebung gegen Rassismus treffen. \nOrganisiert vom \u00abB\u00fcndnis Buntes Schwyz\u00bb als Reaktion auf einen \nrassistischen Auftritt von zw\u00f6lf Personen an der Fasnacht. Diese waren \nhinter einer Keltenkreuzfahne (Szene-Zeichen f\u00fcr die \u00dcberlegenheit der \nweissen Rasse) in weissen Kutten als Ku-Klux-Klan-M\u00e4nner auf den \nSchwyzer Rathausplatz gezogen. Ein <a href=\"https:\/\/hans-stutz.ch\/meldungen-zu-rechtsextremismus-und-rassismus-in-der-schweiz\/schwyz-14\">kurzer Video-Clip<\/a>, der einigen Medien durch Unbekannt zugespielt worden war, beweist den demonstrations\u00e4hnlichen Aufmarsch.<\/p>\n\n\n\n<p>Kurz vor Ostern gesellt sich der SVP-Lokalpolitiker jedoch nicht zu \nden engagierten Antirassisten, sondern zu den rund 40 rechtsextremen \nGegendemonstranten. Polizeifahndern f\u00e4llt er auf, als er sich unter die \nDemonstranten mischt und sp\u00e4ter mit einem gefalteten Transparent \nzur\u00fcckkehrt. Sp\u00e4ter erh\u00e4lt die Polizei noch anonym ein Video zugespielt,\n das den gleichen Mann bei einem Angriff \u2013 mutmasslich mit Tr\u00e4nengas \u2013 \nauf einen politischen Gegner zeigt. Das Opfer reicht keine Strafanzeige \nein.<\/p>\n\n\n\n<p>In der polizeilichen Einvernahme war der SVP-Lokalpolitiker wenig \naussagefreudig, ebenso gegen\u00fcber dem SonntagsBlick, ausser dass er mit \ndem Transparent-Diebstahl nichts zu tun haben wollte. Die \nStaatsanwaltschaft gedenkt, das Verfahren wegen \u00abgeringf\u00fcgigen \nDiebstahl\u00bb einzustellen. &nbsp;Die Chancen des SVPlers juristisch das \nVerfahren ungeschoren zu \u00fcberstehen, sind also noch intakt.<\/p>\n\n\n\n<p>Politisch allerdings wirft das Verfahren ein schiefes Licht auf die \nSchwyzer SVP. In den Tagen nach den Ku-Klux-Klan-Aufmarsch hatten \nSVP-Exponenten den Vorfall kleinreden wollen. Der Schwyzer \nGemeindepr\u00e4sident Xaver Schuler behauptete noch tatsachenwidrig, es \nh\u00e4tte in Schwyz bisher weder \u00ablinks-, noch rechtsextreme Situationen\u00bb \ngegeben. Und der Schwyzer Regierungsrat Andr\u00e9 R\u00fceggsegger, zust\u00e4ndig f\u00fcr\n die Sicherheitsdirektion, fand die KKK-Aktion zwar \u00abgeschmacklos\u00bb, \nbestritt aber ein \u00abRechtsextremismusproblem\u00bb. Dies obwohl die militante \n\u00abKameradschaft Heimattreu\u00bb in der Region Ausserschwyz seit Jahren aktiv \nist, und nach der antirassistischen Demonstration einen Video-Clip \nver\u00f6ffentlichte, dass die Verbrennung des gestohlen Transparentes \ndokumentierte, wobei mehrere \u201aKameraden\u2018 den Hitlergruss zeigten, \nunterlegt mit einer Maschinengewehrsalve.<\/p>\n\n\n\n<p>Und auch nach der neuesten Enth\u00fcllung will die SVP den Ball tief \nhalten. SVP-Kantonalpr\u00e4sident Roland Lutz nimmt gegen\u00fcber \u00ab20 Minuten\u00bb \nzuerst von den Vorw\u00fcrfen Kenntnis und dann den Mann in Schutz, der sei \n\u00abbisher nie in diese Richtung aufgefallen\u00bb.<\/p>\n\n\n\n<p><strong>P.S. <\/strong>Am folgenden Tag tritt der Lokalpolitiker aus  der SVP aus, dies m Interesse der Partei, sagt er. Der R\u00fccktritt soll  auch kein Eingest\u00e4ndnis der Vorw\u00fcrfe sein.<br><br>Quelle: <a href=\"https:\/\/hans-stutz.ch\/meldungen-zu-rechtsextremismus-und-rassismus-in-der-schweiz\/kanton-schwyz-4\">https:\/\/hans-stutz.ch\/meldungen-zu-rechtsextremismus-und-rassismus-in-der-schweiz\/kanton-schwyz-4<\/a><\/p>\n","protected":false},"excerpt":{"rendered":"<p>Der SonntagsBlick berichtet \u00fcber einen SVP-Lokalpolitiker, der Mitte April mit Tr\u00e4nengas einen Teilnehmer einer antirassistischen Kundgbung angriff. Vor wenigen Jahren geh\u00f6rte er zu den Gr\u00fcndungsmitgliedern einer SVP-Ortsektion im Kanton Schwyz, noch heute sitzt er als Vize-Pr\u00e4sident im Vorstand. Und er &hellip; <a href=\"https:\/\/www.lagota.ch\/?p=3327\">Continue reading <span class=\"meta-nav\">&rarr;<\/span><\/a><\/p>\n","protected":false},"author":1,"featured_media":0,"comment_status":"closed","ping_status":"open","sticky":false,"template":"","format":"standard","meta":{"footnotes":""},"categories":[13,328,16],"tags":[1181,173,181,69],"class_list":["post-3327","post","type-post","status-publish","format-standard","hentry","category-antifa","category-antira","category-schweiz","tag-bundnis-buntes-schwyz","tag-neonazis","tag-schwyz","tag-svp"],"_links":{"self":[{"href":"https:\/\/www.lagota.ch\/index.php?rest_route=\/wp\/v2\/posts\/3327","targetHints":{"allow":["GET"]}}],"collection":[{"href":"https:\/\/www.lagota.ch\/index.php?rest_route=\/wp\/v2\/posts"}],"about":[{"href":"https:\/\/www.lagota.ch\/index.php?rest_route=\/wp\/v2\/types\/post"}],"author":[{"embeddable":true,"href":"https:\/\/www.lagota.ch\/index.php?rest_route=\/wp\/v2\/users\/1"}],"replies":[{"embeddable":true,"href":"https:\/\/www.lagota.ch\/index.php?rest_route=%2Fwp%2Fv2%2Fcomments&post=3327"}],"version-history":[{"count":1,"href":"https:\/\/www.lagota.ch\/index.php?rest_route=\/wp\/v2\/posts\/3327\/revisions"}],"predecessor-version":[{"id":3328,"href":"https:\/\/www.lagota.ch\/index.php?rest_route=\/wp\/v2\/posts\/3327\/revisions\/3328"}],"wp:attachment":[{"href":"https:\/\/www.lagota.ch\/index.php?rest_route=%2Fwp%2Fv2%2Fmedia&parent=3327"}],"wp:term":[{"taxonomy":"category","embeddable":true,"href":"https:\/\/www.lagota.ch\/index.php?rest_route=%2Fwp%2Fv2%2Fcategories&post=3327"},{"taxonomy":"post_tag","embeddable":true,"href":"https:\/\/www.lagota.ch\/index.php?rest_route=%2Fwp%2Fv2%2Ftags&post=3327"}],"curies":[{"name":"wp","href":"https:\/\/api.w.org\/{rel}","templated":true}]}}