{"id":3330,"date":"2019-12-04T16:28:21","date_gmt":"2019-12-04T15:28:21","guid":{"rendered":"http:\/\/www.lagota.ch\/?p=3330"},"modified":"2019-12-04T16:28:21","modified_gmt":"2019-12-04T15:28:21","slug":"grosse-internationalistische-demo","status":"publish","type":"post","link":"https:\/\/www.lagota.ch\/?p=3330","title":{"rendered":"Grosse internationalistische Demo"},"content":{"rendered":"\n<p><strong>Am 14. Dezember findet in Basel eine grosse internationalistische Demo statt. Wir m\u00f6chten all unsere K\u00e4mpfe verbinden!<\/strong><\/p>\n\n\n\n<h3 class=\"wp-block-heading\"><img loading=\"lazy\" decoding=\"async\" width=\"400\" height=\"224\" class=\"wp-image-3331\" style=\"width: 400px;\" src=\"https:\/\/www.lagota.ch\/wp-content\/uploads\/internationalistischedemo.png\" alt=\"\" srcset=\"https:\/\/www.lagota.ch\/wp-content\/uploads\/internationalistischedemo.png 710w, https:\/\/www.lagota.ch\/wp-content\/uploads\/internationalistischedemo-300x168.png 300w\" sizes=\"auto, (max-width: 400px) 100vw, 400px\" \/><br><br>F\u00fcr Freiheit und Gleichheit \u2013 Gegen Imperialismus und Kapitalismus<\/h3>\n\n\n\n<p>Das Jahr 2019: In zahlreichen L\u00e4ndern sind die Menschen auf der \nStrasse um gegen autorit\u00e4re Regierungen und deren neoliberale Politik zu\n protestieren. Die Liste der Schaupl\u00e4tze ist lang: Chile, Hongkong, \nIrak, Iran, Katalonien, Haiti, Ecuador, Libanon, \u00c4gypten, Frankreich, \nAlgerien, T\u00fcrkei, Kurdistan, Brasilien, Kolumbien, &#8230;<\/p>\n\n\n\n<p>In Bolivien putschte sich eine Allianz neoliberaler, \nfundamental-christlicher und faschistischer Kr\u00e4fte an die Macht. Vereint\n sind sie in ihrem Hass auf die indigene Bev\u00f6lkerung Boliviens. In \nTamil-Eelam ist seit diesem November wieder derjenige Clan an der Macht,\n welcher f\u00fcr das Massaker und das Verschwinden abertausender tamilischer\n Zivilist_innen verantwortlich ist. Rojava wird von dem t\u00fcrkischen Staat\n angegriffen. In der T\u00fcrkei sitzen tausende politische Aktivist_innen \nhinter Gittern. Gest\u00fctzt wir der Angriffskrieg von den Grossm\u00e4chten USA \nund Russland, sowie der EU.<\/p>\n\n\n\n<p>Der Herbst 2019 ist aber vor allem der Herbst der Aufst\u00e4nde und des \nWiderstandes. Immer mehr Menschen wehren sich gegen die zunehmend \nautorit\u00e4re Politik, mittels derer sich neoliberale Wirtschaftsformen am \nLeben halten m\u00fcssen. Faschistischen Entwicklungen stellen sich \nverschiedene Widerstandsbewegungen entgegen. Die Menschen dort k\u00e4mpfen!<br>\nNeben diesen spontanen Aufst\u00e4nden leisten revolution\u00e4re Bewegungen in \nL\u00e4ndern wir den Philippinen oder Indien einen langwierigen Widerstand \ngegen autorit\u00e4re Regierungen und kapitalistische Unternehmen. Sie \nk\u00e4mpfen zum Teil seit Jahrzehnten \u2013 ohne, dass ein breitere \n\u00d6ffentlichkeit davon Notiz nimmt.<\/p>\n\n\n\n<p>Als Menschen die in der Schweiz leben, sch\u00f6pfen wir aus diesen \nBewegungen viel Hoffnung. Die L\u00e4nder in denen der Widerstand gef\u00fchrt \nwird, sind jene L\u00e4nder aus denen wir migriert sind \u2013 Es sind die L\u00e4nder,\n in denen wir Freunde und Familien haben, diejenigen L\u00e4nder deren \npolitischen Bewegungen wir uns verbunden f\u00fchlen. Wir alle teilen die \nForderungen und Positionen der sozialen Bewegungen, wie soziale \nGerechtigkeit, Basis- Demokratie und ein Ende der imperialistischen \nEinmischungen!<\/p>\n\n\n\n<h3 class=\"wp-block-heading\">Die Schweiz ist nicht neutral<\/h3>\n\n\n\n<p>Die Schweiz ist nicht nur ein Staat, welcher passiv von der globalen \nUngleichheit und Ausbeutung profitiert, wenngleich der Grossteil der \nSchweizer Bev\u00f6lkerung nichts f\u00fcr diese Verh\u00e4ltnisse kann und diese nicht\n gutheisst. Der Schweizer Staat und die Wirtschaft jedoch mischt aktiv \nmit und steht auf der Seite der Unterdr\u00fccker! Schweizer Firmen wie Ruag \nliefern Waffen und Technologie in Kriegsgebiete, unter anderem in die \nT\u00fcrkei, welche diese im Krieg in Rojava einsetzt. Schweizer Banken wie \nCredit Suisse investieren in R\u00fcstungsprojekte. Auch in Tamil Eelam ist \ndie Schweiz nicht nur Profiteurin, sondern aktive Mitt\u00e4terin. Sie \narbeitet mit der Sri-lankischen Regierung zusammen, um die Anliegen der \nTamil_innen zu untergraben.<\/p>\n\n\n\n<p>Dies sind nur Beispiele. Sie zeigen uns die Verstrickung der Schweiz \nin internationale Konfliktfelder, sie zeigen, auf welcher Seite die \nRegierung und die grossen Unternehmen stehen. Das kapitalitische System \nist global organisiert. Damit alternative Gesellschaftsmodelle eine \nChance zum \u00dcberleben haben, braucht es eine global vernetzte \nGegenbewegung, die sich eine gemeinsame Perspektive erk\u00e4mpft. Eine \nglobale Bewegung, die auch in der Schweiz aufsteht und den Herrschenden \ndeutlich zu verstehen gibt: Wir haben genug von diesem System. Wir \nstehen Schulter an Schulter mit unseren k\u00e4mpfenden Br\u00fcdern und \nSchwestern auf der ganzen Welt.<\/p>\n\n\n\n<p><strong>Komitee f\u00fcr internationale Solidarit\u00e4t<\/strong><\/p>\n","protected":false},"excerpt":{"rendered":"<p>Am 14. Dezember findet in Basel eine grosse internationalistische Demo statt. Wir m\u00f6chten all unsere K\u00e4mpfe verbinden! F\u00fcr Freiheit und Gleichheit \u2013 Gegen Imperialismus und Kapitalismus Das Jahr 2019: In zahlreichen L\u00e4ndern sind die Menschen auf der Strasse um gegen &hellip; <a href=\"https:\/\/www.lagota.ch\/?p=3330\">Continue reading <span class=\"meta-nav\">&rarr;<\/span><\/a><\/p>\n","protected":false},"author":1,"featured_media":0,"comment_status":"closed","ping_status":"open","sticky":false,"template":"","format":"standard","meta":{"footnotes":""},"categories":[14,406,16,108],"tags":[155,67,66,724,1182,76],"class_list":["post-3330","post","type-post","status-publish","format-standard","hentry","category-arbeitskampf","category-migration","category-schweiz","category-wirtschaftskrise","tag-antikapitalismus","tag-basel","tag-demo","tag-imperialismus","tag-internationalismus","tag-kapitalismus"],"_links":{"self":[{"href":"https:\/\/www.lagota.ch\/index.php?rest_route=\/wp\/v2\/posts\/3330","targetHints":{"allow":["GET"]}}],"collection":[{"href":"https:\/\/www.lagota.ch\/index.php?rest_route=\/wp\/v2\/posts"}],"about":[{"href":"https:\/\/www.lagota.ch\/index.php?rest_route=\/wp\/v2\/types\/post"}],"author":[{"embeddable":true,"href":"https:\/\/www.lagota.ch\/index.php?rest_route=\/wp\/v2\/users\/1"}],"replies":[{"embeddable":true,"href":"https:\/\/www.lagota.ch\/index.php?rest_route=%2Fwp%2Fv2%2Fcomments&post=3330"}],"version-history":[{"count":1,"href":"https:\/\/www.lagota.ch\/index.php?rest_route=\/wp\/v2\/posts\/3330\/revisions"}],"predecessor-version":[{"id":3332,"href":"https:\/\/www.lagota.ch\/index.php?rest_route=\/wp\/v2\/posts\/3330\/revisions\/3332"}],"wp:attachment":[{"href":"https:\/\/www.lagota.ch\/index.php?rest_route=%2Fwp%2Fv2%2Fmedia&parent=3330"}],"wp:term":[{"taxonomy":"category","embeddable":true,"href":"https:\/\/www.lagota.ch\/index.php?rest_route=%2Fwp%2Fv2%2Fcategories&post=3330"},{"taxonomy":"post_tag","embeddable":true,"href":"https:\/\/www.lagota.ch\/index.php?rest_route=%2Fwp%2Fv2%2Ftags&post=3330"}],"curies":[{"name":"wp","href":"https:\/\/api.w.org\/{rel}","templated":true}]}}