{"id":3336,"date":"2019-12-18T10:49:00","date_gmt":"2019-12-18T09:49:00","guid":{"rendered":"http:\/\/www.lagota.ch\/?p=3336"},"modified":"2019-12-18T11:07:07","modified_gmt":"2019-12-18T10:07:07","slug":"heraus-zur-nowef-demo-2020","status":"publish","type":"post","link":"https:\/\/www.lagota.ch\/?p=3336","title":{"rendered":"Heraus zur NoWEF Demo 2020!"},"content":{"rendered":"\n<h2 class=\"wp-block-heading\"><strong>18. Januar 2020, 15:00 Bahnhofplatz Bern<br>\n<\/strong><\/h2>\n\n\n\n<p>Alle Infos zur Demo und zum Rahmenprogramm finden sich \u2013&gt; <a href=\"https:\/\/revolution\u00e4r.ch\/?page_id=4714\">hier<\/a><\/p>\n\n\n\n<p><img loading=\"lazy\" decoding=\"async\" width=\"500\" height=\"704\" class=\"wp-image-3337\" style=\"width: 500px;\" src=\"https:\/\/www.lagota.ch\/wp-content\/uploads\/nowef2020.png\" alt=\"\" srcset=\"https:\/\/www.lagota.ch\/wp-content\/uploads\/nowef2020.png 909w, https:\/\/www.lagota.ch\/wp-content\/uploads\/nowef2020-213x300.png 213w, https:\/\/www.lagota.ch\/wp-content\/uploads\/nowef2020-727x1024.png 727w, https:\/\/www.lagota.ch\/wp-content\/uploads\/nowef2020-768x1081.png 768w\" sizes=\"auto, (max-width: 500px) 100vw, 500px\" \/><br>Das WEF steht wieder vor der T\u00fcr und wir blicken auf turbulente  Monate zur\u00fcck. Anfangs 2019 haben die Klimaproteste mehr und mehr Fahrt  aufgenommen und sich teilweise in eine systemkritische Richtung  entwickelt. Mit dem Amtsantritt von Bolsonaro in Brasilien wurde der  Regenwald zum Abfackeln und die indigene Bev\u00f6lkerung zum Abschuss  freigegeben. Internationale Unternehmen, darunter solche, die vom WEF  als Heilsbringer f\u00fcr den Weltfrieden angepriesen werden, beuten als  Folge der Schw\u00e4chung der Schutzgebiete Mensch und Umwelt im Amazonas aus  \u2013 mit katastrophalen Folgen. Die verbrannte Fl\u00e4che im Juni dieses  Jahres stieg im Vergleich zum Vorjahr um 88% an. Ein Anstieg, der in der  Natur ohne Eingriffe von Menschen unwahrscheinlich ist. Doch die  Indigenen Brasiliens geben ihren geliebten Lebensraum nicht kampflos auf  und wurden durch die Angriffe der rassistischen, herrschenden Klasse  Brasiliens nur in ihrem Willen nach Freiheit und Gerechtigkeit best\u00e4rkt.<br> Bereits seit letztem Jahr brennen in Frankreich regelm\u00e4ssig die  Strassen, als Antwort auf den Sozialabbau und gegen den unerbittlichen  Kampf, den die franz\u00f6sische Regierung gegen Randgruppen f\u00fchrt. Doch am  meisten gehen die Menschen auf die Strasse und wehren sich, weil sie  einen Wandel wollen. Der franz\u00f6sische Staat reagierte mit einer  Repressionswelle, welche besonders die Gilets Noir traf, eine  Vereinigung von Sans Papiers, die f\u00fcr ihre Rechte unter anderem mit  Besetzungen demonstrierte. Sie werden von den Medien nicht beachtet,von  der Polizei brutal zusammengeschlagen und doch k\u00e4mpfen sie weiter gegen  die unmenschliche Behandlung, die ihnen widerf\u00e4hrt.<br> Auch die Gilets Jaunes haben mit enormen Repressalien zu k\u00e4mpfen.  Unz\u00e4hligen Menschen wurden die Augen ausgeschossen, die H\u00e4nde  weggesprengt oder t\u00f6dliche Verletzungen zugef\u00fcgt. Trotzdem gehen Samstag  f\u00fcr Samstag tausende Menschen in ganz Frankreich auf die Strasse, um  weiter zu k\u00e4mpfen.<br> Anfangs Oktober beginnen die Ereignisse sich zu \u00fcberschlagen. Rojava  wird vom faschistischen Regime Erdogans angegriffen. Das NATO-Mitglied  T\u00fcrkei bombardiert Wohnh\u00e4user, Spit\u00e4ler, Schulen und die  Wasserversorgung. Die dschihadistischen Milizen, welche f\u00fcr Erdogan die  Drecksarbeit erledigen, stehen in ihrer Ideologie und in ihrer  Brutalit\u00e4t den Daesh in nichts nach. K\u00f6pfend, pl\u00fcndernd, mordend und  vergewaltigend, treiben sie die in Rojava lebenden Zivilisten*innen vor  sich her, mit dem Ziel der Schaffung einer ethnisch ges\u00e4uberten  \u201eSicherheitszone\u201c an der Grenze Syriens zur T\u00fcrkei. Doch der Widerstand  gegen die Invasion kommt aus der Mitte der Gesellschaft Rojavas und ist  gewaltig. Die Menschen versammeln sich trotz den r\u00fccksichtslos  bombardierenden t\u00fcrkischen Flugzeugen und Drohnen zu Massenprotesten  gegen die Besatzer. Die K\u00e4mpfer*innen der Frauen- und  Volksverteidigungseinheiten (YPJ\/YPG) und ihre Verb\u00fcndeten sorgen daf\u00fcr,  dass die faschistischen Invasoren jeden Zentimeter Boden, den sie  stehlen, mit viel Blut bezahlen m\u00fcssen. Das Projekt der  Selbstorganisation und der Frauen*befreiung in Rojava ist in seiner  dunkelsten Stunde, doch aufgeben werden sie nicht. Die Jahre, in denen  die Demokratische F\u00f6deration Nord- und Ostsyrien bereits besteht, haben  die Gesellschaft gepr\u00e4gt und diesen Fortschritt werden die Invasoren  nicht vernichten k\u00f6nnen.<br> Fast gleichzeitig beginnt es am anderen Ende der Welt zu brennen. In  Chile treibt eine Erh\u00f6hung der Preise des \u00f6ffentlichen Verkehrs in  Santiago de Chile die Menschen auf die Strasse. Auch wenn die Regierung  die Preiserh\u00f6hung schnell zur\u00fccknahm, war das Feuer bereits entfacht und  die Menschen haben gemerkt, dass sie etwas bewirken k\u00f6nnen, wenn sie  viele sind und sich wehren. Der von der faschistischen Pinochet-Diktatur  gepr\u00e4gte Repressionsapparat reagierte mit heftiger Gewalt. Todesopfer,  Folterungen und Misshandlungen sind die Folge. In Chile, dem  Kinderzimmer des Neoliberalismus, zeigen sich die h\u00e4sslichen Folgen der  ultrakapitalistischen liberalen<br> Politik. W\u00e4hrend Chiles Wirtschaftszahlen den Anschein erwecken, dass es  dem Land gut geht, haben die meisten Menschen fast nichts und verdienen  zu wenig, um zu \u00fcberleben.<br> Das WEF scheint die Bewegungen als ernste Bedrohung f\u00fcr sich  wahrzunehmen. Sie wollen sich als Plattform pr\u00e4sentieren, an dem die  Probleme der Welt mit angeblich allen Interessensgruppen diskutiert und  gel\u00f6st werden k\u00f6nnen.<br> Doch es ist klar: Unterdr\u00fcckende sind keine Interessensgruppe, mit der  ein Dialog gef\u00fchrt werden sollte. Sie m\u00fcssen bek\u00e4mpft werden! Dass das  WEF seiner scheinbar l\u00f6sungsorientierten Fassade nicht gerecht wird,  sollte jedem Menschen klar sein. Am WEF werden nicht die L\u00f6sungen f\u00fcr  die Konflikte unserer Zeit gefunden, sondern die Probleme geschaffen.  Die Hauptg\u00e4ste des Forums sind die Verursachenden der Unterdr\u00fcckung und  haben kein Interesse daran, ihre Herrschaft und die damit verbunden  Konsequenzen nicht beenden. Die Freiheitsk\u00e4mpfe des letzten Jahres haben  uns gezeigt, dass die Menschen die Nase voll haben von der Herrschaft  von oben und ihre Leben selbst organisieren wollen. Der Klassenkampf  wird von unten organisiert und nach oben gef\u00fchrt und dies ist seine  gr\u00f6sste St\u00e4rke. Wir m\u00fcssen unseren Widerstand verbinden und uns im  Klassenkampf vereinen. Eine andere Welt ist nicht nur m\u00f6glich, sondern  notwendig!<\/p>\n","protected":false},"excerpt":{"rendered":"<p>18. Januar 2020, 15:00 Bahnhofplatz Bern Alle Infos zur Demo und zum Rahmenprogramm finden sich \u2013&gt; hier Das WEF steht wieder vor der T\u00fcr und wir blicken auf turbulente Monate zur\u00fcck. Anfangs 2019 haben die Klimaproteste mehr und mehr Fahrt &hellip; <a href=\"https:\/\/www.lagota.ch\/?p=3336\">Continue reading <span class=\"meta-nav\">&rarr;<\/span><\/a><\/p>\n","protected":false},"author":1,"featured_media":0,"comment_status":"closed","ping_status":"open","sticky":false,"template":"","format":"standard","meta":{"footnotes":""},"categories":[14,16,4,19,108],"tags":[102,143,620,400,1033,1153],"class_list":["post-3336","post","type-post","status-publish","format-standard","hentry","category-arbeitskampf","category-schweiz","category-veranstaltung","category-wef","category-wirtschaftskrise","tag-bern","tag-chile","tag-klaus-schwab","tag-nato","tag-nowef","tag-wef"],"_links":{"self":[{"href":"https:\/\/www.lagota.ch\/index.php?rest_route=\/wp\/v2\/posts\/3336","targetHints":{"allow":["GET"]}}],"collection":[{"href":"https:\/\/www.lagota.ch\/index.php?rest_route=\/wp\/v2\/posts"}],"about":[{"href":"https:\/\/www.lagota.ch\/index.php?rest_route=\/wp\/v2\/types\/post"}],"author":[{"embeddable":true,"href":"https:\/\/www.lagota.ch\/index.php?rest_route=\/wp\/v2\/users\/1"}],"replies":[{"embeddable":true,"href":"https:\/\/www.lagota.ch\/index.php?rest_route=%2Fwp%2Fv2%2Fcomments&post=3336"}],"version-history":[{"count":1,"href":"https:\/\/www.lagota.ch\/index.php?rest_route=\/wp\/v2\/posts\/3336\/revisions"}],"predecessor-version":[{"id":3338,"href":"https:\/\/www.lagota.ch\/index.php?rest_route=\/wp\/v2\/posts\/3336\/revisions\/3338"}],"wp:attachment":[{"href":"https:\/\/www.lagota.ch\/index.php?rest_route=%2Fwp%2Fv2%2Fmedia&parent=3336"}],"wp:term":[{"taxonomy":"category","embeddable":true,"href":"https:\/\/www.lagota.ch\/index.php?rest_route=%2Fwp%2Fv2%2Fcategories&post=3336"},{"taxonomy":"post_tag","embeddable":true,"href":"https:\/\/www.lagota.ch\/index.php?rest_route=%2Fwp%2Fv2%2Ftags&post=3336"}],"curies":[{"name":"wp","href":"https:\/\/api.w.org\/{rel}","templated":true}]}}