{"id":3347,"date":"2019-12-22T21:50:49","date_gmt":"2019-12-22T20:50:49","guid":{"rendered":"http:\/\/www.lagota.ch\/?p=3347"},"modified":"2019-12-22T21:50:49","modified_gmt":"2019-12-22T20:50:49","slug":"anti-wef-demo-luzern","status":"publish","type":"post","link":"https:\/\/www.lagota.ch\/?p=3347","title":{"rendered":"Anti WEF Demo Luzern"},"content":{"rendered":"\n<p> WEF OFF! &#8211; Die Zukunft geh\u00f6rt uns!<br><br><img loading=\"lazy\" decoding=\"async\" width=\"400\" height=\"568\" class=\"wp-image-3348\" style=\"width: 400px;\" src=\"https:\/\/www.lagota.ch\/wp-content\/uploads\/wef2020.jpg\" alt=\"\" srcset=\"https:\/\/www.lagota.ch\/wp-content\/uploads\/wef2020.jpg 676w, https:\/\/www.lagota.ch\/wp-content\/uploads\/wef2020-211x300.jpg 211w\" sizes=\"auto, (max-width: 400px) 100vw, 400px\" \/><br><br>Demo Samstag 11.01.2020, 14.00, Bahnhofplatz Luzern<br>Alle Jahre wieder folgen die Herrschenden, Kriegstreibenden und Despot*innen aus aller Welt der Einladung von Klaus Schwab um sich im milit\u00e4risch hochger\u00fcsteten Davos zu treffen.<br><br>Davos ist das stinkende Feigenblatt der M\u00e4chtigen. Unter dem Vorwand die Welt besser machen zu wollen, mehren sie ihren Reichtum, zerst\u00f6ren unsere Umwelt, spalten und entmenschlichen uns mit ihrem unerbittlichen Streben nach mehr und mehr Profit. Das Geld fliesst ungehindert um den Globus w\u00e4hrend Menschen an den Landesgrenzen sterben oder im Mittelmeer ertrinken.<br><br>Gleichzeitig brennen die Strassen dieser Welt. Von Chile, \u00fcber Bolivien, bis Libanon, Rojava, Frank-reich und Hong Kong k\u00e4mpfen die Menschen f\u00fcr Freiheit und Gleichberechtigung und gegen das Joch von staatlicher Autorit\u00e4t, Krieg und Krise.<br><br>In Zeiten des wiederkehrenden Faschismus, der brennenden Regenw\u00e4lder und der immer noch existierenden Lohnsklaverei nehmen wir uns die Strasse. Unsere Antwort auf Staat und Kapital heisst Solidarit\u00e4t! K\u00e4mpfen wir gemeinsam f\u00fcr unsere Zukunft. Eine Zukunft der Freiheit ohne Unterdr\u00fcckung und Rassismus!<br><br>Wir wollen unsere Welt gemeinsam gestalten und selbst bestimmen, wie wir unser Zusammenleben organisieren. Die Zeit der Reichen und M\u00e4chtigen ist endg\u00fcltig abgelaufen!<br><br>Wir meinen f\u00fcr die Aus\u00fcbung eines Menschenrechts nicht um Erlaubnis fragen zu m\u00fcssen. Zahlreiche Demonstrationen in der Vergangenheit haben nur schlechte Routen bewilligt bekommen und mussten ausserdem ausserhalb der Laden\u00f6ffnungszeiten stattfinden. Wir sind nicht bereit im Januar um 17:00 Uhr durch die verlassenen Gassen Luzerns zu ziehen. Der Sinn einer Demonstration ist gesehen zu werden. Dies muss die Stadt erm\u00f6glichen.<br><br>Falls die Stadt Luzern bereit ist eine attraktive Route am Nachmittag zu bewilligen, k\u00f6nnen sie uns gerne \u00fcber resolut@mail.ch kontaktieren. Andernfalls rufen wir zu einer selbstbestimmten, lautstarken und friedlichen Demo in Luzern auf.<br><br>Wipe out WEF! <\/p>\n","protected":false},"excerpt":{"rendered":"<p>WEF OFF! &#8211; Die Zukunft geh\u00f6rt uns! Demo Samstag 11.01.2020, 14.00, Bahnhofplatz LuzernAlle Jahre wieder folgen die Herrschenden, Kriegstreibenden und Despot*innen aus aller Welt der Einladung von Klaus Schwab um sich im milit\u00e4risch hochger\u00fcsteten Davos zu treffen. Davos ist das &hellip; <a href=\"https:\/\/www.lagota.ch\/?p=3347\">Continue reading <span class=\"meta-nav\">&rarr;<\/span><\/a><\/p>\n","protected":false},"author":1,"featured_media":0,"comment_status":"closed","ping_status":"open","sticky":false,"template":"","format":"standard","meta":{"footnotes":""},"categories":[11,4,19],"tags":[66,1148,719,1153,1190],"class_list":["post-3347","post","type-post","status-publish","format-standard","hentry","category-luzern","category-veranstaltung","category-wef","tag-demo","tag-luzern","tag-rojava","tag-wef","tag-zukunft"],"_links":{"self":[{"href":"https:\/\/www.lagota.ch\/index.php?rest_route=\/wp\/v2\/posts\/3347","targetHints":{"allow":["GET"]}}],"collection":[{"href":"https:\/\/www.lagota.ch\/index.php?rest_route=\/wp\/v2\/posts"}],"about":[{"href":"https:\/\/www.lagota.ch\/index.php?rest_route=\/wp\/v2\/types\/post"}],"author":[{"embeddable":true,"href":"https:\/\/www.lagota.ch\/index.php?rest_route=\/wp\/v2\/users\/1"}],"replies":[{"embeddable":true,"href":"https:\/\/www.lagota.ch\/index.php?rest_route=%2Fwp%2Fv2%2Fcomments&post=3347"}],"version-history":[{"count":1,"href":"https:\/\/www.lagota.ch\/index.php?rest_route=\/wp\/v2\/posts\/3347\/revisions"}],"predecessor-version":[{"id":3349,"href":"https:\/\/www.lagota.ch\/index.php?rest_route=\/wp\/v2\/posts\/3347\/revisions\/3349"}],"wp:attachment":[{"href":"https:\/\/www.lagota.ch\/index.php?rest_route=%2Fwp%2Fv2%2Fmedia&parent=3347"}],"wp:term":[{"taxonomy":"category","embeddable":true,"href":"https:\/\/www.lagota.ch\/index.php?rest_route=%2Fwp%2Fv2%2Fcategories&post=3347"},{"taxonomy":"post_tag","embeddable":true,"href":"https:\/\/www.lagota.ch\/index.php?rest_route=%2Fwp%2Fv2%2Ftags&post=3347"}],"curies":[{"name":"wp","href":"https:\/\/api.w.org\/{rel}","templated":true}]}}