{"id":3353,"date":"2020-01-13T12:32:13","date_gmt":"2020-01-13T11:32:13","guid":{"rendered":"http:\/\/www.lagota.ch\/?p=3353"},"modified":"2020-01-13T12:32:13","modified_gmt":"2020-01-13T11:32:13","slug":"hunderte-demonstrieren-in-luzern-gegen-das-wef","status":"publish","type":"post","link":"https:\/\/www.lagota.ch\/?p=3353","title":{"rendered":"Hunderte demonstrieren in Luzern gegen das WEF"},"content":{"rendered":"\n<p>Am Samstagnachmittag demonstrierten 300 Personen gegen das WEF in \nLuzern. Die von der Gruppe RESolut organisierte Demo begann um 14:00 Uhr\n auf dem Bahnhofplatz und f\u00fchrte durch die Neu- und Altstadt \u00fcber die \nSeebr\u00fccke wieder zur\u00fcck auf den Bahnhofplatz, wo sich die Demo nach \neiner Abschlusskundgebung um 17:00 Uhr aufl\u00f6ste.<\/p>\n\n\n\n<p><img loading=\"lazy\" decoding=\"async\" width=\"500\" height=\"281\" class=\"wp-image-3352\" style=\"width: 500px;\" src=\"https:\/\/www.lagota.ch\/wp-content\/uploads\/antiwefluzern.jpg\" alt=\"\" srcset=\"https:\/\/www.lagota.ch\/wp-content\/uploads\/antiwefluzern.jpg 768w, https:\/\/www.lagota.ch\/wp-content\/uploads\/antiwefluzern-300x169.jpg 300w\" sizes=\"auto, (max-width: 500px) 100vw, 500px\" \/><br><br>Die nach Gespr\u00e4chen mit der Stadt bewilligte Demo verlief problemlos  und zog ganz unterschiedliche Personen aller Altersgruppen an. Der  Demonstrationszug wurde von einem  Transparent mit der Aufschrift \u00abWEF OFF \u2013 Die Zukunft geh\u00f6rt uns\u00bb  angef\u00fchrt und von einer Band begleitet. Bei Ansprachen beim  Helvetiag\u00e4rtli und auf dem Kornmarkt machten Mitglieder des Klima- und  Frauenstreiks auf ihre Kritik am WEF aufmerksam.<\/p>\n\n\n\n<p>In ihrem Aufruf zur Demo bezeichneten die Organisator*innen das WEF, \nwelches dieses Jahr zum 50. Mal stattfindet, als stinkendes Feigenblatt \nder M\u00e4chtigen. Unter dem Vorwand die Welt besser zu machen, w\u00fcrden sie \nihren Reichtum mehren und zerst\u00f6rten die Umwelt. Dieses Jahr hat auch \nUS-Pr\u00e4sident Donald Trump sein Kommen angek\u00fcndigt. Trump stehe mit \nseinem sexistischen und chauvinistischen Verhalten und seiner \nrassistischen Politik exemplarisch f\u00fcr eine Elite alter, weisser M\u00e4nner,\n welche weiterhin nur nach Macht und Profit streben w\u00fcrde. Das WEF \nselbst verweigere kritischen Medien die Akkreditierung. Und der Staat \nfinanziere allj\u00e4hrlich mit Steuergeldern den Schutz dieser Farce.<\/p>\n\n\n\n<p>Die Organisator*innen sind sehr zufrieden mit der Demo und rufen f\u00fcr \nden kommenden Samstag zur gemeinsamen Anreise an die Anti WEF Demo in \nBern auf. Dazu werden die Aktivist*innen den 14:00 Zug nach Bern \nbesteigen.<\/p>\n\n\n\n<p>Vom 19. bis zum 21. Januar findet ausserdem die Winterwanderung f\u00fcr Klimagerechtigkeit von Landquart nach Davos statt.<br><br>Quelle: <a href=\"http:\/\/www.resolut.tk\">www.resolut.tk<\/a><\/p>\n","protected":false},"excerpt":{"rendered":"<p>Am Samstagnachmittag demonstrierten 300 Personen gegen das WEF in Luzern. Die von der Gruppe RESolut organisierte Demo begann um 14:00 Uhr auf dem Bahnhofplatz und f\u00fchrte durch die Neu- und Altstadt \u00fcber die Seebr\u00fccke wieder zur\u00fcck auf den Bahnhofplatz, wo &hellip; <a href=\"https:\/\/www.lagota.ch\/?p=3353\">Continue reading <span class=\"meta-nav\">&rarr;<\/span><\/a><\/p>\n","protected":false},"author":1,"featured_media":0,"comment_status":"closed","ping_status":"open","sticky":false,"template":"","format":"standard","meta":{"footnotes":""},"categories":[14,11,16,19],"tags":[155,462,66,76,1148,805,1153],"class_list":["post-3353","post","type-post","status-publish","format-standard","hentry","category-arbeitskampf","category-luzern","category-schweiz","category-wef","tag-antikapitalismus","tag-antiwef","tag-demo","tag-kapitalismus","tag-luzern","tag-seebrucke","tag-wef"],"_links":{"self":[{"href":"https:\/\/www.lagota.ch\/index.php?rest_route=\/wp\/v2\/posts\/3353","targetHints":{"allow":["GET"]}}],"collection":[{"href":"https:\/\/www.lagota.ch\/index.php?rest_route=\/wp\/v2\/posts"}],"about":[{"href":"https:\/\/www.lagota.ch\/index.php?rest_route=\/wp\/v2\/types\/post"}],"author":[{"embeddable":true,"href":"https:\/\/www.lagota.ch\/index.php?rest_route=\/wp\/v2\/users\/1"}],"replies":[{"embeddable":true,"href":"https:\/\/www.lagota.ch\/index.php?rest_route=%2Fwp%2Fv2%2Fcomments&post=3353"}],"version-history":[{"count":1,"href":"https:\/\/www.lagota.ch\/index.php?rest_route=\/wp\/v2\/posts\/3353\/revisions"}],"predecessor-version":[{"id":3354,"href":"https:\/\/www.lagota.ch\/index.php?rest_route=\/wp\/v2\/posts\/3353\/revisions\/3354"}],"wp:attachment":[{"href":"https:\/\/www.lagota.ch\/index.php?rest_route=%2Fwp%2Fv2%2Fmedia&parent=3353"}],"wp:term":[{"taxonomy":"category","embeddable":true,"href":"https:\/\/www.lagota.ch\/index.php?rest_route=%2Fwp%2Fv2%2Fcategories&post=3353"},{"taxonomy":"post_tag","embeddable":true,"href":"https:\/\/www.lagota.ch\/index.php?rest_route=%2Fwp%2Fv2%2Ftags&post=3353"}],"curies":[{"name":"wp","href":"https:\/\/api.w.org\/{rel}","templated":true}]}}