{"id":3361,"date":"2020-02-05T09:12:30","date_gmt":"2020-02-05T08:12:30","guid":{"rendered":"http:\/\/www.lagota.ch\/?p=3361"},"modified":"2020-02-05T09:12:30","modified_gmt":"2020-02-05T08:12:30","slug":"anarchietage-in-winterthur","status":"publish","type":"post","link":"https:\/\/www.lagota.ch\/?p=3361","title":{"rendered":"Anarchietage in Winterthur"},"content":{"rendered":"\n<h3 class=\"wp-block-heading\"><strong> 07.02.2020 &#8211; 00:00  bis 09.02.2020 &#8211; 00:00<\/strong> <\/h3>\n\n\n\n<p>Klimakrise!<br>\nWiderstand und Perspektiven<br>\n10. Anarchietage in Winterthur 2020<\/p>\n\n\n\n<p><img loading=\"lazy\" decoding=\"async\" width=\"400\" height=\"561\" class=\"wp-image-3362\" style=\"width: 400px;\" src=\"https:\/\/www.lagota.ch\/wp-content\/uploads\/anarchietage-1.jpg\" alt=\"\" srcset=\"https:\/\/www.lagota.ch\/wp-content\/uploads\/anarchietage-1.jpg 800w, https:\/\/www.lagota.ch\/wp-content\/uploads\/anarchietage-1-214x300.jpg 214w, https:\/\/www.lagota.ch\/wp-content\/uploads\/anarchietage-1-730x1024.jpg 730w, https:\/\/www.lagota.ch\/wp-content\/uploads\/anarchietage-1-768x1077.jpg 768w\" sizes=\"auto, (max-width: 400px) 100vw, 400px\" \/><br><br>P\u00fcnktlich zum 15-j\u00e4hrigen Jubil\u00e4um der ersten Anarchietage freuen wir  uns, euch mit der zehnten Auflage der Veranstaltungsreihe begl\u00fccken zu  d\u00fcrfen. Auch dieses Jahr werden wir im tiefen Winter f\u00fcr heisse K\u00f6pfe  sorgen, denn thematisch sind wir mit einer anarchistischen Perspektive  auf die Klimakrise wie immer voll am Puls der Zeit. Und auch dieses Mal  tun wir nat\u00fcrlich alles, um euch mit einem vielf\u00e4ltigen Angebot an  Workshops, Vortr\u00e4gen und Diskussionen genug Material zum Nachdenken und  Debattieren bieten zu k\u00f6nnen.<\/p>\n\n\n\n<p>Wie w\u00e4re es denn beispielsweise mit einer antikapitalistischen \nAnalyse des Systems, dem wir Hitzesommer und Naturkatastrophen zu \nverdanken haben? Betrachtungen zum spannungsgeladenen Verh\u00e4ltnis \nzwischen dem Menschen und seiner Umwelt und das revolution\u00e4re Potential,\n das daraus erwachsen k\u00f6nnte? Widerstand verstanden als politisches \nHappening? Einem Blick an den rechten Rand der Umweltbewegung? Oder \neinem Austausch dar\u00fcber, wie wir nachhaltig aktiv bleiben k\u00f6nnen?<\/p>\n\n\n\n<p>Klingt spannend? Eben! Dann im Februar Koffer packen und nichts wie los nach Winti. Wir freuen uns auf euch!<\/p>\n\n\n\n<p>Mehr Infos unter: <a href=\"https:\/\/anarchietage.ch\">https:\/\/anarchietage.ch<\/a><\/p>\n","protected":false},"excerpt":{"rendered":"<p>07.02.2020 &#8211; 00:00 bis 09.02.2020 &#8211; 00:00 Klimakrise! Widerstand und Perspektiven 10. Anarchietage in Winterthur 2020 P\u00fcnktlich zum 15-j\u00e4hrigen Jubil\u00e4um der ersten Anarchietage freuen wir uns, euch mit der zehnten Auflage der Veranstaltungsreihe begl\u00fccken zu d\u00fcrfen. Auch dieses Jahr werden &hellip; <a href=\"https:\/\/www.lagota.ch\/?p=3361\">Continue reading <span class=\"meta-nav\">&rarr;<\/span><\/a><\/p>\n","protected":false},"author":1,"featured_media":0,"comment_status":"closed","ping_status":"open","sticky":false,"template":"","format":"standard","meta":{"footnotes":""},"categories":[1025,16],"tags":[313,155,1196,471],"class_list":["post-3361","post","type-post","status-publish","format-standard","hentry","category-anarchismus-2","category-schweiz","tag-anarchismus","tag-antikapitalismus","tag-klimakrise","tag-winterthur"],"_links":{"self":[{"href":"https:\/\/www.lagota.ch\/index.php?rest_route=\/wp\/v2\/posts\/3361","targetHints":{"allow":["GET"]}}],"collection":[{"href":"https:\/\/www.lagota.ch\/index.php?rest_route=\/wp\/v2\/posts"}],"about":[{"href":"https:\/\/www.lagota.ch\/index.php?rest_route=\/wp\/v2\/types\/post"}],"author":[{"embeddable":true,"href":"https:\/\/www.lagota.ch\/index.php?rest_route=\/wp\/v2\/users\/1"}],"replies":[{"embeddable":true,"href":"https:\/\/www.lagota.ch\/index.php?rest_route=%2Fwp%2Fv2%2Fcomments&post=3361"}],"version-history":[{"count":1,"href":"https:\/\/www.lagota.ch\/index.php?rest_route=\/wp\/v2\/posts\/3361\/revisions"}],"predecessor-version":[{"id":3363,"href":"https:\/\/www.lagota.ch\/index.php?rest_route=\/wp\/v2\/posts\/3361\/revisions\/3363"}],"wp:attachment":[{"href":"https:\/\/www.lagota.ch\/index.php?rest_route=%2Fwp%2Fv2%2Fmedia&parent=3361"}],"wp:term":[{"taxonomy":"category","embeddable":true,"href":"https:\/\/www.lagota.ch\/index.php?rest_route=%2Fwp%2Fv2%2Fcategories&post=3361"},{"taxonomy":"post_tag","embeddable":true,"href":"https:\/\/www.lagota.ch\/index.php?rest_route=%2Fwp%2Fv2%2Ftags&post=3361"}],"curies":[{"name":"wp","href":"https:\/\/api.w.org\/{rel}","templated":true}]}}