{"id":3368,"date":"2020-02-14T14:46:43","date_gmt":"2020-02-14T13:46:43","guid":{"rendered":"http:\/\/www.lagota.ch\/?p=3368"},"modified":"2020-02-14T14:46:43","modified_gmt":"2020-02-14T13:46:43","slug":"dresdner-gerangel","status":"publish","type":"post","link":"https:\/\/www.lagota.ch\/?p=3368","title":{"rendered":"Dresdner Gerangel"},"content":{"rendered":"\n<p><strong>Zum 75.\u2009Jahrestag der Bombardierung Dresdens soll der Bundes\u00adpr\u00e4sident im Kulturpalast sprechen, eine AfD-Veranstaltung muss  ins Internet umziehen und linke Gruppen kritisieren sich gegenseitig.       <\/strong>                       <br><br>Wer verstehen m\u00f6chte, warum gerade Dresden seit  Jahrzehnten ein wichtiges Zentrum f\u00fcr die extreme Rechte ist, kommt am  Opfermythos aufgrund der Bombardierung der Stadt im Zweiten Weltkrieg  nicht vorbei. Allj\u00e4hrlich zur Weihnachtszeit beginnen die Erz\u00e4hlungen in  den Familien und den Regionalzeitungen \u00fcber den 13. Fe\u00adbruar\u00a01945. Zu  mehr oder weniger runden Jahrestagen kommt auch mal der Bundespr\u00e4sident,  um warme Worte zum Leid der deutschen Zivilbev\u00f6lkerung gegen Ende des  Kriegs loszuwerden. Und seit mittlerweile \u00fcber zehn\u00a0Jahren fassen sich  am 13. Februar Tausende Dresdnerinnen und Dresdner zum Glockengel\u00e4ut an  den H\u00e4nden. \u00bbDie Zukunft stellt viele Herausforderungen an uns, die wir  nur als starke Gemeinschaft miteinander l\u00f6sen k\u00f6nnen\u00ab, hei\u00dft es in dem  Aufruf zur diesj\u00e4hrigen Menschenkette.<\/p>\n\n\n\n<p><img loading=\"lazy\" decoding=\"async\" width=\"400\" height=\"267\" class=\"wp-image-3369\" style=\"width: 400px;\" src=\"https:\/\/www.lagota.ch\/wp-content\/uploads\/dresden.jpg\" alt=\"\" srcset=\"https:\/\/www.lagota.ch\/wp-content\/uploads\/dresden.jpg 1200w, https:\/\/www.lagota.ch\/wp-content\/uploads\/dresden-300x200.jpg 300w, https:\/\/www.lagota.ch\/wp-content\/uploads\/dresden-1024x683.jpg 1024w, https:\/\/www.lagota.ch\/wp-content\/uploads\/dresden-768x512.jpg 768w\" sizes=\"auto, (max-width: 400px) 100vw, 400px\" \/><br>Dieses Mal soll sich Bundespr\u00e4sident Frank-Walter Steinmeier (SPD) in  die Menschenkette einreihen. Bereits am Nachmittag soll er bei der  Gedenkveranstaltung im Dresdner Kulturpalast eine Rede halten, also an  dem Ort, an dem der britische Holocaustleugner David Irving am 13.  Februar 1990 vor mehr als 500\u00a0Zuh\u00f6rern seinen Vortrag \u00fcber den  \u00bbUntergang Dresdens\u00ab hielt. Irving sprach damals von 250 000 Todesopfern  sowie dem Beschuss durch Tiefflieger und behauptete, die Bombardierung  der Stadt sei milit\u00e4risch sinnlos gewesen. Die Neonazis, die den  Jahrestag der Bombardierung wenige Jahre sp\u00e4ter als Mobilisierungsanlass  nutzten, konnten an Mythen ankn\u00fcpfen, die in weiten Teilen der Dresdner  Bev\u00f6lkerung als Gemeingut gelten.                   Anzeige                                 <\/p>\n\n\n\n<p>Seit&nbsp;1990 hat sich einiges ver\u00e4ndert. Es ist nicht zuletzt dem \nbeharrlichen Engagement linksradikaler Gruppen zu verdanken, dass \nzahlreiche Mythen und Rituale in der Stadt \u00fcberdacht oder aufgegeben \nwerden mussten. Zudem hat eine unabh\u00e4ngige Historikerkommission vor zehn\n Jahren ihren Abschlussbericht vorgelegt. Dieser wies nach, dass die \nZahl der Toten bei etwa 19 000 Menschen lag und es keine \nTieffliegerangriffe gab. Zugleich f\u00fchrten antifaschistische \nMassenblockaden dazu, dass der Naziaufmarsch deutlich an Bedeutung \nverlor. Bis zum vorigen Jahr konnte man fast denken, dass sich der 13. \nFebruar bald in sachlichen Debatten und \u00fcberschaubaren rechten \nAufm\u00e4rsche ersch\u00f6pfen w\u00fcrde.<\/p>\n\n\n\n<p>Doch die Mythen \u00fcber Dresden halten sich hartn\u00e4ckig. So hat sich die \nAfD seit zwei Jahren an die Spitze derer gesetzt, die eine \nVersachlichung der Diskussion in Dresden r\u00fcckg\u00e4ngig machen wollen. Die \nPartei will am Abend des 13. Februar auf dem Dresdner Altmarkt einen \nKranz niederlegen und hatte f\u00fcr den 11. Februar zu einer Veranstaltung \nmit dem Hobbyhistoriker Gert B\u00fcrgel in das Neue Rathaus eingeladen. \nB\u00fcrgel stellt die Ergebnisse der Historikerkommission in Frage und wird \nauch von Neonazis gern als Quelle herangezogen. Nachdem die \nStadtverwaltung die Raum\u00fcberlassung wieder zur\u00fcckge\u00adzogen hat, k\u00fcndigt \ndie Partei nun an, B\u00fcrgels Vortrag per Livestream zu senden. Die \nurspr\u00fcngliche Veranstaltung habe man \u00bbauch f\u00fcr die Sicherheit der \nTeilnehmer\u00ab abgesagt, hei\u00dft es auf der Facebook-Seite der AfD in \nDresden.<\/p>\n\n\n\n<p>Neben der AfD werden auch die Neonazis um den JN-Landesvorsitzenden \nund stellvertretenden NPD-Landesvorsitzenden Maik M\u00fcller wieder \nerfolgreicher. So gelang es den Neonazis im Februar 2019 erstmals seit \nJahren, durch die Dresdner Innenstadt zu marschieren. Die Teilnehmerzahl\n des Aufmarschs reichte im ver\u00adgangenen Jahr wieder an die Tausend \nheran. Grund genug f\u00fcr \u00bbDresden nazifrei\u00ab, sich in diesem Jahr noch \neinmal neu zu organisieren. Das ehemalige bundesweite B\u00fcndnis \u00bbDresden \nnazifrei\u00ab ist auf einen lockeren Verbund von Einzelpersonen geschrumpft \nund versucht, mit Hilfe eines neuen sachsenweiten Aktionsb\u00fcndnisses die \nOrganisierung von Protesten gegen den Naziaufmarsch wieder auf mehr \nSchultern zu verteilen. Neben \u00bbChemnitz nazifrei\u00ab, \u00bbLeipzig nimmt Platz\u00ab\n sowie zahlreichen linken und antifaschistischen Gruppen geh\u00f6ren auch \ndie Jugendverb\u00e4nde Jusos, Gr\u00fcne Jugend und die Linksjugend Solid dem \nAktionsb\u00fcndnis an.<\/p>\n\n\n\n<p>Die Stadtratsfraktionen der Parteien B\u00fcndnis 90\/Die Gr\u00fcnen, \u00bbDie \nLinke\u00ab und SPD geh\u00f6ren dagegen der st\u00e4dtischen \u00bbArbeitsgruppe 13. \nFebruar\u00ab an, in der ebenso Dresdens Oberb\u00fcrgermeister Dirk Hilbert (FDP)\n sitzt und alle Fraktionen des Dresdner Stadtrates, inklusive der \nAfD-Fraktion, vertreten sind. Der Pressesprecher der Stadt Dresden, Kai \nSchuricht teilte der Jungle World mit, die AfD habe bisher noch nie \naktiv in der AG mitgearbeitet. Er best\u00e4tigt, dass deshalb bisher kein \nMitglied der AG eine Veranlassung gesehen habe, die AfD aus der \nst\u00e4dtischen Arbeitsgruppe auszuschlie\u00dfen. Die Aufgabe der AG sieht der \nModerator des Gremiums, Joachim Klose, einem Interview mit der \nS\u00e4chsischen Zeitung zufolge darin, im Gegensatz zu \u00bbDresden nazifrei\u00ab \nMittel und Wege gegen rechte Veranstaltungen in der Stadt zu finden, \n\u00bbdie ausschlie\u00dflich friedlich angelegt sind\u00ab. Klose ist \nLandesbeauftragter der Konrad-Adenauer-Stiftung und hat gemeinsam mit \ndem wegen seiner N\u00e4he zu rechten Ideen umstrittenen \nPolitikwissenschaftler Wer\u00adner Patzelt ein Buch \u00fcber Pegida geschrieben.\n F\u00fcr seine \u00c4u\u00dferungen wurde Klose von \u00bbDresden nazifrei\u00ab scharf \nkritisiert.<\/p>\n\n\n\n<p>Kritik am Aufruf des von \u00bbDresden nazifrei\u00ab initiierten \nAktionsb\u00fcndnisses zum 13. Februar kommt aber auch vom \n\u00bbAntifa-Rechercheteam Dresden\u00ab (ART). Das ART wirft dem Aktionsb\u00fcndnis \npolitische Blindheit vor, da es die AfD in seinem Aufruf nicht erw\u00e4hne. \nZudem bem\u00e4ngelt es, dass das Aktionsb\u00fcndnis in seinem Aufruf ein Denkmal\n vor einer Vereinnahmung durch Neonazis sch\u00fctzen wolle, auf dessen \nInschrift von \u00bbangloamerikanischem Bombenterror\u00ab die Rede ist. Kai Maria\n Schneider von \u00bbDresden nazifrei\u00ab weist im Gespr\u00e4ch mit der Jungle World\n darauf hin, dass das ART zur Mitwirkung im Aktionsb\u00fcndnis eingeladen \nwar, diese Einladung allerdings nicht angenommen habe. Mit dem \u00bbMahngang\n T\u00e4terspuren\u00ab m\u00f6chte \u00bbDresden nazifrei\u00ab bereits am 9. Februar die \nnationalsozialistische Vergangenheit Dresdens thematisieren. Am 13. \nFebruar wird zu Aktionen gegen die Kranzniederlegung der AfD aufgerufen,\n bevor es am 15. Februar mindestens zwei Demonstrationen gegen den \nzentralen Neonaziaufmarsch geben soll.<\/p>\n","protected":false},"excerpt":{"rendered":"<p>Zum 75.\u2009Jahrestag der Bombardierung Dresdens soll der Bundes\u00adpr\u00e4sident im Kulturpalast sprechen, eine AfD-Veranstaltung muss ins Internet umziehen und linke Gruppen kritisieren sich gegenseitig. Wer verstehen m\u00f6chte, warum gerade Dresden seit Jahrzehnten ein wichtiges Zentrum f\u00fcr die extreme Rechte ist, kommt &hellip; <a href=\"https:\/\/www.lagota.ch\/?p=3368\">Continue reading <span class=\"meta-nav\">&rarr;<\/span><\/a><\/p>\n","protected":false},"author":1,"featured_media":0,"comment_status":"closed","ping_status":"open","sticky":false,"template":"","format":"standard","meta":{"footnotes":""},"categories":[13,328,10],"tags":[1031,1198,902,1199],"class_list":["post-3368","post","type-post","status-publish","format-standard","hentry","category-antifa","category-antira","category-aus-aller-welt","tag-afd","tag-dresden","tag-nazis","tag-zweiter-weltkrieg"],"_links":{"self":[{"href":"https:\/\/www.lagota.ch\/index.php?rest_route=\/wp\/v2\/posts\/3368","targetHints":{"allow":["GET"]}}],"collection":[{"href":"https:\/\/www.lagota.ch\/index.php?rest_route=\/wp\/v2\/posts"}],"about":[{"href":"https:\/\/www.lagota.ch\/index.php?rest_route=\/wp\/v2\/types\/post"}],"author":[{"embeddable":true,"href":"https:\/\/www.lagota.ch\/index.php?rest_route=\/wp\/v2\/users\/1"}],"replies":[{"embeddable":true,"href":"https:\/\/www.lagota.ch\/index.php?rest_route=%2Fwp%2Fv2%2Fcomments&post=3368"}],"version-history":[{"count":1,"href":"https:\/\/www.lagota.ch\/index.php?rest_route=\/wp\/v2\/posts\/3368\/revisions"}],"predecessor-version":[{"id":3370,"href":"https:\/\/www.lagota.ch\/index.php?rest_route=\/wp\/v2\/posts\/3368\/revisions\/3370"}],"wp:attachment":[{"href":"https:\/\/www.lagota.ch\/index.php?rest_route=%2Fwp%2Fv2%2Fmedia&parent=3368"}],"wp:term":[{"taxonomy":"category","embeddable":true,"href":"https:\/\/www.lagota.ch\/index.php?rest_route=%2Fwp%2Fv2%2Fcategories&post=3368"},{"taxonomy":"post_tag","embeddable":true,"href":"https:\/\/www.lagota.ch\/index.php?rest_route=%2Fwp%2Fv2%2Ftags&post=3368"}],"curies":[{"name":"wp","href":"https:\/\/api.w.org\/{rel}","templated":true}]}}