{"id":3378,"date":"2020-03-06T11:17:26","date_gmt":"2020-03-06T10:17:26","guid":{"rendered":"http:\/\/www.lagota.ch\/?p=3378"},"modified":"2020-03-06T11:17:26","modified_gmt":"2020-03-06T10:17:26","slug":"spontandemo-in-luzern-am-4-marz","status":"publish","type":"post","link":"https:\/\/www.lagota.ch\/?p=3378","title":{"rendered":"Spontandemo in Luzern am 4. M\u00e4rz"},"content":{"rendered":"\n<p>An einer Spontandemo in Luzern haben heute an die 300 Personen \nteilgenommen. Die Demo startete um 18:30 auf dem M\u00fchlenplatz und f\u00fchrte \nnachher \u00fcber den L\u00f6wengraben auf den Falkenplatz, zur\u00fcck \u00fcber die \nWeggisgasse und den Kornmarkt \u00fcber die Reussbr\u00fccke und schliesslich \u00fcber\n die Winkelried- und Bleichenstrasse ins Bleicherg\u00e4rtli, wo sich die \nbewilligte Demo gegen 19:45 aufl\u00f6ste.<\/p>\n\n\n\n<p><img loading=\"lazy\" decoding=\"async\" width=\"500\" height=\"281\" class=\"wp-image-3379\" style=\"width: 500px;\" src=\"https:\/\/www.lagota.ch\/wp-content\/uploads\/sponti.png\" alt=\"\" srcset=\"https:\/\/www.lagota.ch\/wp-content\/uploads\/sponti.png 768w, https:\/\/www.lagota.ch\/wp-content\/uploads\/sponti-300x169.png 300w\" sizes=\"auto, (max-width: 500px) 100vw, 500px\" \/><br><br>Die Demonstrant*innen kritisierten den Umgang mit den Gefl\u00fcchteten an  der T\u00fcrkisch-\/Griechischen Grenze so wie die Situation der Gefl\u00fcchteten  im Allgemeinen. Ausserdem forderten sie die \u00d6ffnung der Grenzen sowie,  dass die Schweiz zus\u00e4tzliche Gefl\u00fcchtete direkt aus Griechenland  aufnimmt.<\/p>\n\n\n\n<p>Die Demonstration war lautstark und friedlich. Immer wieder waren die\n Parolen: \u00abSay it loud, say it clear, refugees are welcome here\u00bb sowie \n\u00abBrick by brick, wall by wall, make the fortress Europe fall\u00bb zu h\u00f6ren. \nLetztere war auch auf dem Transparent, welches den Umzug anf\u00fchrte, zu \nlesen.<\/p>\n\n\n\n<p>Ausserdem wurde folgender Text als Flugblatt verteilt und als Rede vorgelesen:<\/p>\n\n\n\n<p>\u201eGrenzen t\u00f6ten \u2013 Die Festung Europa niederreissen !<\/p>\n\n\n\n<p>Am 28. Februar 2020 hat die T\u00fcrkei die Grenze nach Griechenland \nge\u00f6ffnet. Seitdem versuchen tausende Menschen auf See- oder Landwegen \n\u00fcber die t\u00fcrkisch-griechische Grenze in die EU zu gelangen. Dort \nschiesst die griechische Armee mit Tr\u00e4nengas und Blendgranaten auf \nGefl\u00fcchtete. Mindestens ein Todesopfer ist offiziell best\u00e4tigt.<\/p>\n\n\n\n<p>Auf der griechischen Insel Lesbos und dem dortigen Fl\u00fcchtlingslager \nMoria ist die Situation ebenfalls eskaliert. Schutzsuchende, \nJournalist*innen und Mitarbeiter*innen von NGOs werden von \nFaschist*innen angegriffen. Rechte B\u00fcrgerwehren machen auf der ganzen \nInsel Jagd auf nicht-griechisch aussehende Menschen.<\/p>\n\n\n\n<p>Die griechische Regierung hat das Asylrecht ausser Kraft gesetzt und \nnimmt keine Asylantr\u00e4ge mehr entgegen. Aus Nordsyrien fliehen \nunterdessen weiterhin Menschen aus einem Krieg, dem die europ\u00e4ischen \nStaaten tatenlos gegen\u00fcberstehen.<\/p>\n\n\n\n<p>Und was macht Europa?<\/p>\n\n\n\n<p>Das gleiche wie immer: Die EU schickt Soldaten der Grenzschutzagentur\n Frontex nach Griechenland. Und 700 Millionen Euro. Nicht um den \nSchutzsuchenden zu helfen, sondern um die Festung Europa dicht zu \nhalten.<\/p>\n\n\n\n<p>Auch die Schweiz spielt weiterhin ein dreckiges Spiel. Schweizer \nBanken investieren munter weiter in kriegstreibenden Staaten, die RUAG \nliefert Waffen in Krisenherde und Menschen werden abgeschoben, denen in \nihren Herkunftsl\u00e4ndern Verfolgung und Folter droht. Der Kanton Luzern \nschliesst derweil Asylunterk\u00fcnfte wegen Unterbelegung anstatt neue \nSchutzsuchende aufzunehmen.<\/p>\n\n\n\n<p>Stellen wir uns diesem menschenverachtenden Regime entgegen. Werden \nwir aktiv und zeigen wir den Herrschenden, dass unsere Solidarit\u00e4t \nst\u00e4rker ist als ihre Abschottungspolitik.<\/p>\n\n\n\n<p>Brick by rick, wall by wall, let the fortress europe fall !\u201c<\/p>\n","protected":false},"excerpt":{"rendered":"<p>An einer Spontandemo in Luzern haben heute an die 300 Personen teilgenommen. Die Demo startete um 18:30 auf dem M\u00fchlenplatz und f\u00fchrte nachher \u00fcber den L\u00f6wengraben auf den Falkenplatz, zur\u00fcck \u00fcber die Weggisgasse und den Kornmarkt \u00fcber die Reussbr\u00fccke und &hellip; <a href=\"https:\/\/www.lagota.ch\/?p=3378\">Continue reading <span class=\"meta-nav\">&rarr;<\/span><\/a><\/p>\n","protected":false},"author":1,"featured_media":0,"comment_status":"closed","ping_status":"open","sticky":false,"template":"","format":"standard","meta":{"footnotes":""},"categories":[13,328,11,406,1170,16,18,108],"tags":[672,1204,798,1069,1203],"class_list":["post-3378","post","type-post","status-publish","format-standard","hentry","category-antifa","category-antira","category-luzern","category-migration","category-rojava","category-schweiz","category-squat-the-world","category-wirtschaftskrise","tag-festung-europa","tag-fortress-europe","tag-frontex","tag-mittelmeer","tag-spontandemo"],"_links":{"self":[{"href":"https:\/\/www.lagota.ch\/index.php?rest_route=\/wp\/v2\/posts\/3378","targetHints":{"allow":["GET"]}}],"collection":[{"href":"https:\/\/www.lagota.ch\/index.php?rest_route=\/wp\/v2\/posts"}],"about":[{"href":"https:\/\/www.lagota.ch\/index.php?rest_route=\/wp\/v2\/types\/post"}],"author":[{"embeddable":true,"href":"https:\/\/www.lagota.ch\/index.php?rest_route=\/wp\/v2\/users\/1"}],"replies":[{"embeddable":true,"href":"https:\/\/www.lagota.ch\/index.php?rest_route=%2Fwp%2Fv2%2Fcomments&post=3378"}],"version-history":[{"count":1,"href":"https:\/\/www.lagota.ch\/index.php?rest_route=\/wp\/v2\/posts\/3378\/revisions"}],"predecessor-version":[{"id":3380,"href":"https:\/\/www.lagota.ch\/index.php?rest_route=\/wp\/v2\/posts\/3378\/revisions\/3380"}],"wp:attachment":[{"href":"https:\/\/www.lagota.ch\/index.php?rest_route=%2Fwp%2Fv2%2Fmedia&parent=3378"}],"wp:term":[{"taxonomy":"category","embeddable":true,"href":"https:\/\/www.lagota.ch\/index.php?rest_route=%2Fwp%2Fv2%2Fcategories&post=3378"},{"taxonomy":"post_tag","embeddable":true,"href":"https:\/\/www.lagota.ch\/index.php?rest_route=%2Fwp%2Fv2%2Ftags&post=3378"}],"curies":[{"name":"wp","href":"https:\/\/api.w.org\/{rel}","templated":true}]}}