{"id":3384,"date":"2020-03-11T10:18:41","date_gmt":"2020-03-11T09:18:41","guid":{"rendered":"http:\/\/www.lagota.ch\/?p=3384"},"modified":"2020-03-11T10:18:41","modified_gmt":"2020-03-11T09:18:41","slug":"gundula-soli-konzert","status":"publish","type":"post","link":"https:\/\/www.lagota.ch\/?p=3384","title":{"rendered":"Gundula Soli Konzert"},"content":{"rendered":"\n<h3 class=\"wp-block-heading\"> 14.03.2020 &#8211; 19:00 <\/h3>\n\n\n\n<p>Sedelhof 2<br>\n6020 Emmenbr\u00fccke<\/p>\n\n\n\n<p><strong>Am\n 14. M\u00e4rz 2020 findet im Sedel in Luzern ein Soli-Konzert zur \nUnterst\u00fctzung der verurteilten Aktivist*innen der Gundula-Besetzungen \nstatt.<\/strong><\/p>\n\n\n\n<p><img loading=\"lazy\" decoding=\"async\" width=\"500\" height=\"354\" class=\"wp-image-3385\" style=\"width: 500px;\" src=\"https:\/\/www.lagota.ch\/wp-content\/uploads\/2020-03-14-gundula-benefiz-scaled.jpg\" alt=\"\" srcset=\"https:\/\/www.lagota.ch\/wp-content\/uploads\/2020-03-14-gundula-benefiz-scaled.jpg 2560w, https:\/\/www.lagota.ch\/wp-content\/uploads\/2020-03-14-gundula-benefiz-300x212.jpg 300w, https:\/\/www.lagota.ch\/wp-content\/uploads\/2020-03-14-gundula-benefiz-1024x724.jpg 1024w, https:\/\/www.lagota.ch\/wp-content\/uploads\/2020-03-14-gundula-benefiz-768x543.jpg 768w, https:\/\/www.lagota.ch\/wp-content\/uploads\/2020-03-14-gundula-benefiz-1536x1086.jpg 1536w, https:\/\/www.lagota.ch\/wp-content\/uploads\/2020-03-14-gundula-benefiz-2048x1448.jpg 2048w\" sizes=\"auto, (max-width: 500px) 100vw, 500px\" \/><br><br>Die sogenannten Bodum Villen an der Obergrundstrasse 99 und 101  stehen seit langem leer und befinden sich im Besitz des d\u00e4nischen  Teeladeninhabers Jorgen Bodum.<\/p>\n\n\n\n<p>Im April 2016 wurde die Villa an der Obergrundstrasse 99 von der \nGruppe Gundula besetzt und belebt. Bodum versprach eine, nach seinen \nAussagen, wichtige Asbestsanierung, welche die Besetzer*innen \nschliesslich davon \u00fcberzeugte, das Haus zu verlassen. Anstatt die \nversprochene Asbestsanierung durchzuf\u00fchren, wurden jedoch kurzerhand die\n Ziegel auf dem Dach entfernt wodurch das Haus mutwillig zerst\u00f6rt und \nunbewohnbar wurde.<\/p>\n\n\n\n<p>Ein Jahr sp\u00e4ter wurde die zweite Villa an der Obergrundstrasse 101 \nbesetzt. Aus den falschen Versprechen gelernt, weigerten sich die \nBesetzer*innen die Villa freiwillig zu verlassen und wurden in der Folge\n in einer \u00e4usserst brutalen Aktion der Sondereinheit Luchs ger\u00e4umt, bei \nwelcher mehrere Personen verletzt und teilweise traumatisiert wurden.<\/p>\n\n\n\n<p>Die H\u00e4user stehen noch immer leer und mittlerweile hat die Stadt den \nAbriss der Obergrundstrasse 99, welche in der Ortsbildschutzzone steht, \nbewilligt.<\/p>\n\n\n\n<p>Diverse Aktivist*innen wurden in Folge der Besetzungen angeklagt und \nverurteilt. Die Konzerteinnahmen gehen darum zu Gunsten des Antirep \nLuzern und der betroffenen Aktivist*innen.<\/p>\n\n\n\n<p>Die H\u00e4user denen, die sie bewohnen!<br>\nF\u00fcr alternative Freir\u00e4ume!<br>\nBodum hau ab!<\/p>\n\n\n\n<p><a href=\"http:\/\/www.gundulablog.wordpress.com\">www.gundulablog.wordpress.com<\/a><\/p>\n\n\n\n<p><strong>Bands<\/strong><\/p>\n\n\n\n<p>Abbruch (Punk, Brandenburg \/ DE) <a href=\"http:\/\/www.abbruch-records.de\">www.abbruch-records.de<\/a><br>\nInstabil (Punk, Bern) <a href=\"http:\/\/instabildieband.wix.com\/instabil\">http:\/\/instabildieband.wix.com\/instabil<\/a><br>\nWaskabi (Ska, Luzern) <a href=\"http:\/\/www.waskabi.ch\">www.waskabi.ch<\/a><br>\nLinksvortritt (Punk\u2018n\u2018Roll, St. Gallen) <a href=\"http:\/\/www.facebook.com\/pg\/LINKSVORTRITT-70828080016\">www.facebook.com\/pg\/LINKSVORTRITT-70828080016<\/a><\/p>\n\n\n\n<p>T\u00fcr\u00f6ffnung: 19:00<br>\nKonzert: 20:00<\/p>\n","protected":false},"excerpt":{"rendered":"<p>14.03.2020 &#8211; 19:00 Sedelhof 2 6020 Emmenbr\u00fccke Am 14. M\u00e4rz 2020 findet im Sedel in Luzern ein Soli-Konzert zur Unterst\u00fctzung der verurteilten Aktivist*innen der Gundula-Besetzungen statt. Die sogenannten Bodum Villen an der Obergrundstrasse 99 und 101 stehen seit langem leer &hellip; <a href=\"https:\/\/www.lagota.ch\/?p=3384\">Continue reading <span class=\"meta-nav\">&rarr;<\/span><\/a><\/p>\n","protected":false},"author":1,"featured_media":0,"comment_status":"closed","ping_status":"open","sticky":false,"template":"","format":"standard","meta":{"footnotes":""},"categories":[49,11,18,4],"tags":[883,881,1148,318,92],"class_list":["post-3384","post","type-post","status-publish","format-standard","hentry","category-antirep","category-luzern","category-squat-the-world","category-veranstaltung","tag-bodum","tag-gundula","tag-luzern","tag-sedel","tag-squat"],"_links":{"self":[{"href":"https:\/\/www.lagota.ch\/index.php?rest_route=\/wp\/v2\/posts\/3384","targetHints":{"allow":["GET"]}}],"collection":[{"href":"https:\/\/www.lagota.ch\/index.php?rest_route=\/wp\/v2\/posts"}],"about":[{"href":"https:\/\/www.lagota.ch\/index.php?rest_route=\/wp\/v2\/types\/post"}],"author":[{"embeddable":true,"href":"https:\/\/www.lagota.ch\/index.php?rest_route=\/wp\/v2\/users\/1"}],"replies":[{"embeddable":true,"href":"https:\/\/www.lagota.ch\/index.php?rest_route=%2Fwp%2Fv2%2Fcomments&post=3384"}],"version-history":[{"count":1,"href":"https:\/\/www.lagota.ch\/index.php?rest_route=\/wp\/v2\/posts\/3384\/revisions"}],"predecessor-version":[{"id":3386,"href":"https:\/\/www.lagota.ch\/index.php?rest_route=\/wp\/v2\/posts\/3384\/revisions\/3386"}],"wp:attachment":[{"href":"https:\/\/www.lagota.ch\/index.php?rest_route=%2Fwp%2Fv2%2Fmedia&parent=3384"}],"wp:term":[{"taxonomy":"category","embeddable":true,"href":"https:\/\/www.lagota.ch\/index.php?rest_route=%2Fwp%2Fv2%2Fcategories&post=3384"},{"taxonomy":"post_tag","embeddable":true,"href":"https:\/\/www.lagota.ch\/index.php?rest_route=%2Fwp%2Fv2%2Ftags&post=3384"}],"curies":[{"name":"wp","href":"https:\/\/api.w.org\/{rel}","templated":true}]}}