{"id":3400,"date":"2020-04-16T08:30:21","date_gmt":"2020-04-16T07:30:21","guid":{"rendered":"http:\/\/www.lagota.ch\/?p=3400"},"modified":"2020-04-16T08:30:21","modified_gmt":"2020-04-16T07:30:21","slug":"bodum-villa-in-luzern-ist-erneut-besetzt","status":"publish","type":"post","link":"https:\/\/www.lagota.ch\/?p=3400","title":{"rendered":"Bodum-Villa in Luzern ist erneut besetzt"},"content":{"rendered":"\n<p><strong>Laut der Gruppe \u00abGundula\u00bb soll eine der Villen des d\u00e4nischen Unternehmers J\u00f8rgen Bodum in Luzern erneut besetzt sein. Das Kollektiv m\u00f6chte damit ein Zeichen f\u00fcr \u00abgrenzenlose Solidarit\u00e4t\u00bb in der Corona-Krise setzen. Bodum und Stadtr\u00e4tin Manuela Jost sollen pers\u00f6nlich informiert worden sein.<\/strong><br><br><img loading=\"lazy\" decoding=\"async\" width=\"500\" height=\"226\" class=\"wp-image-3401\" style=\"width: 500px;\" src=\"https:\/\/www.lagota.ch\/wp-content\/uploads\/gundula2.jpg\" alt=\"\" srcset=\"https:\/\/www.lagota.ch\/wp-content\/uploads\/gundula2.jpg 640w, https:\/\/www.lagota.ch\/wp-content\/uploads\/gundula2-300x135.jpg 300w\" sizes=\"auto, (max-width: 500px) 100vw, 500px\" \/><\/p>\n\n\n\n<p>Eine der Villen des d\u00e4nischen Unternehmers J\u00f8rgen Bodum soll seit dem fr\u00fchen Donnerstag morgen wieder besetzt sein. Laut einer Medienmitteilung der Gruppe \u00abGundula\u00bb, die die H\u00e4user schon mehrmals in Beschlag genommen hatte, soll das Haus an der Obergrundstrasse 101 in der Nacht auf Donnerstag betreten worden sein. Man habe das Haus \u00abge\u00f6ffnet, gel\u00fcftet und besetzt\u00bb. Die andere Villa mit der Hausnummer 99 bleibe leer. Sie sei aufgrund ihres baulichen Zustandes nicht mehr betretbar.<\/p>\n\n\n\n<p>\u00abF\u00fcr die Besetzerinnen und Besetzer ist klar, dass gerade in Zeiten des Shutdowns neue Perspektiven auf gr\u00f6sst m\u00f6gliche Unabh\u00e4ngigkeit er\u00f6ffnet werden m\u00fcssen: Sich als Gruppe zu organisieren, heisst Autonomie. Keine Miete zu bezahlen, bedeutet Unabh\u00e4ngigkeit\u00bb, wird die erneute Besetzung begr\u00fcndet.<\/p>\n\n\n\n<h4 class=\"wp-block-heading\"><strong>\u00abSolidarit\u00e4t wird nur propagiert\u00bb<\/strong><\/h4>\n\n\n\n<p>Und weiter: Je weniger Lohnarbeit n\u00f6tig sei, desto mehr Zeit und Energie bleibe f\u00fcr vieles, was vor, nach und w\u00e4hrend Krisenzeiten als sogenannt \u00absystemrelevant\u00bb betitelt werde. \u00abDeshalb steht die T\u00fcr nun offen. F\u00fcr die grenzenlose Solidarit\u00e4t und die \u00dcberzeugung, Herrschaftsfreiheit zu erreichen\u00bb. Damit wolle man ein Zeichen echter Solidarit\u00e4t setzen. Denn diese werde aktuell zwar \u00abpropagiert\u00bb, aber nicht wirklich gelebt.<\/p>\n\n\n\n<p>So w\u00fcrden Gefl\u00fcchtete in Lager gesperrt und ihrem Schicksal \u00fcberlassen. \u00abVergessen sind diese Menschen ausserhalb der Festung Europa, vergessen ist die Klimakatastrophe, vergessen sind die elementaren Probleme des Neoliberalismus und der Globalisierung\u00bb, schreibt die Gruppe.<\/p>\n\n\n\n<h4 class=\"wp-block-heading\"><strong>J\u00f8rgen Bodum und Manuela Jost wurden informiert<\/strong><\/h4>\n\n\n\n<p>Neben den Medien seien auch Villen-Besitzer J\u00f8rgen Bodum sowie Stadtr\u00e4tin und Baudirektorin Manuela Jost per Brief in Kenntnis worden, die Polizei hingegen nicht.<\/p>\n\n\n\n<p>Bei einem ersten Augenschein vor Ort konnten keine Personen ausgemacht werden. Die Transparente, die aktuell an der Fassade h\u00e4ngen, scheinen indes neu zu sein.<\/p>\n\n\n\n<p>Quelle: <a href=\"https:\/\/www.zentralplus.ch\/bodum-villa-wurde-erneut-besetzt-1774595\/\">https:\/\/www.zentralplus.ch\/bodum-villa-wurde-erneut-besetzt-1774595\/<\/a><\/p>\n","protected":false},"excerpt":{"rendered":"<p>Laut der Gruppe \u00abGundula\u00bb soll eine der Villen des d\u00e4nischen Unternehmers J\u00f8rgen Bodum in Luzern erneut besetzt sein. Das Kollektiv m\u00f6chte damit ein Zeichen f\u00fcr \u00abgrenzenlose Solidarit\u00e4t\u00bb in der Corona-Krise setzen. Bodum und Stadtr\u00e4tin Manuela Jost sollen pers\u00f6nlich informiert worden &hellip; <a href=\"https:\/\/www.lagota.ch\/?p=3400\">Continue reading <span class=\"meta-nav\">&rarr;<\/span><\/a><\/p>\n","protected":false},"author":1,"featured_media":0,"comment_status":"closed","ping_status":"open","sticky":false,"template":"","format":"standard","meta":{"footnotes":""},"categories":[11,18],"tags":[883,881,1148,965,30,92],"class_list":["post-3400","post","type-post","status-publish","format-standard","hentry","category-luzern","category-squat-the-world","tag-bodum","tag-gundula","tag-luzern","tag-manuela-jost","tag-solidaritat","tag-squat"],"_links":{"self":[{"href":"https:\/\/www.lagota.ch\/index.php?rest_route=\/wp\/v2\/posts\/3400","targetHints":{"allow":["GET"]}}],"collection":[{"href":"https:\/\/www.lagota.ch\/index.php?rest_route=\/wp\/v2\/posts"}],"about":[{"href":"https:\/\/www.lagota.ch\/index.php?rest_route=\/wp\/v2\/types\/post"}],"author":[{"embeddable":true,"href":"https:\/\/www.lagota.ch\/index.php?rest_route=\/wp\/v2\/users\/1"}],"replies":[{"embeddable":true,"href":"https:\/\/www.lagota.ch\/index.php?rest_route=%2Fwp%2Fv2%2Fcomments&post=3400"}],"version-history":[{"count":1,"href":"https:\/\/www.lagota.ch\/index.php?rest_route=\/wp\/v2\/posts\/3400\/revisions"}],"predecessor-version":[{"id":3402,"href":"https:\/\/www.lagota.ch\/index.php?rest_route=\/wp\/v2\/posts\/3400\/revisions\/3402"}],"wp:attachment":[{"href":"https:\/\/www.lagota.ch\/index.php?rest_route=%2Fwp%2Fv2%2Fmedia&parent=3400"}],"wp:term":[{"taxonomy":"category","embeddable":true,"href":"https:\/\/www.lagota.ch\/index.php?rest_route=%2Fwp%2Fv2%2Fcategories&post=3400"},{"taxonomy":"post_tag","embeddable":true,"href":"https:\/\/www.lagota.ch\/index.php?rest_route=%2Fwp%2Fv2%2Ftags&post=3400"}],"curies":[{"name":"wp","href":"https:\/\/api.w.org\/{rel}","templated":true}]}}