{"id":3408,"date":"2020-04-29T10:08:04","date_gmt":"2020-04-29T09:08:04","guid":{"rendered":"http:\/\/www.lagota.ch\/?p=3408"},"modified":"2020-04-29T10:08:04","modified_gmt":"2020-04-29T09:08:04","slug":"1-mai-2020","status":"publish","type":"post","link":"https:\/\/www.lagota.ch\/?p=3408","title":{"rendered":"1. Mai 2020"},"content":{"rendered":"\n<p><img loading=\"lazy\" decoding=\"async\" width=\"400\" height=\"240\" class=\"wp-image-3409\" style=\"width: 400px;\" src=\"https:\/\/www.lagota.ch\/wp-content\/uploads\/krisenkapitalismus.jpeg\" alt=\"\" srcset=\"https:\/\/www.lagota.ch\/wp-content\/uploads\/krisenkapitalismus.jpeg 2000w, https:\/\/www.lagota.ch\/wp-content\/uploads\/krisenkapitalismus-300x180.jpeg 300w, https:\/\/www.lagota.ch\/wp-content\/uploads\/krisenkapitalismus-1024x614.jpeg 1024w, https:\/\/www.lagota.ch\/wp-content\/uploads\/krisenkapitalismus-768x461.jpeg 768w, https:\/\/www.lagota.ch\/wp-content\/uploads\/krisenkapitalismus-1536x922.jpeg 1536w\" sizes=\"auto, (max-width: 400px) 100vw, 400px\" \/><br><br>Die aktuelle Situation l\u00e4sst die Widerspr\u00fcche und Barbarei des Kapitalismus schonungslos hervortreten. Das chronisch \u00fcberlastete Pflegepersonal muss noch l\u00e4nger und h\u00e4rter arbeiten als sonst. Menschen mit tempor\u00e4rer Anstellung sind seit einem Monat ohne Lohn, andere haben Lohneinbussen aufgrund der Kurzarbeit. Das Asylrecht in der Schweiz ist faktisch ausgehebelt, w\u00e4hrend die Gefl\u00fcchteten in Griechenland ohne Schutz sind.\u00a0 Es droht eine weitere Zunahme h\u00e4uslicher und sexualisierter Gewalt. Und der Bund pr\u00fcft die Massen\u00fcberwachung via Handyortung. Kurz: Die Krise tobt und wir sollen an unterschiedlichen Fronten f\u00fcr all die Fehler des Systems bezahlen.<\/p>\n\n\n\n<p>Es ist eine Situation, in der der Kapitalismus mehr denn je zeigt, dass er selbst der Fehler ist. Doch dieser Fehler l\u00e4sst sich beheben! Wir befinden uns in einer Situation, in der sich die gesellschaftlichen Kr\u00e4fteverh\u00e4ltnisse drastisch ver\u00e4ndern k\u00f6nnen, positiv wie negativ. Deshalb ist es f\u00fcr uns als revolution\u00e4re und klassenk\u00e4mpferische Linke klar, dass wir jetzt in die Offensive gehen m\u00fcssen \u2013 und uns nicht erst erheben, wenn die Epidemie abgeflacht ist und alle reaktion\u00e4ren Massnahmen durchgesetzt sind.<\/p>\n\n\n\n<p><em>Auch dieses Jahr k\u00e4mpfen wir am 1. Mai gegen den Kapitalismus. Solidarisch uns angepasst an die Situation nehmen wir uns die Strasse! <\/em><\/p>\n\n\n\n<p><strong>Solidarit\u00e4t heisst Revolution!<\/strong><br><strong>Gemeinsam gegen den Krisen-Kapitalismus!<\/strong><br><br>Quelle: <a href=\"http:\/\/www.revmob.ch\/\">http:\/\/www.revmob.ch\/<\/a><\/p>\n","protected":false},"excerpt":{"rendered":"<p>Die aktuelle Situation l\u00e4sst die Widerspr\u00fcche und Barbarei des Kapitalismus schonungslos hervortreten. Das chronisch \u00fcberlastete Pflegepersonal muss noch l\u00e4nger und h\u00e4rter arbeiten als sonst. Menschen mit tempor\u00e4rer Anstellung sind seit einem Monat ohne Lohn, andere haben Lohneinbussen aufgrund der Kurzarbeit. &hellip; <a href=\"https:\/\/www.lagota.ch\/?p=3408\">Continue reading <span class=\"meta-nav\">&rarr;<\/span><\/a><\/p>\n","protected":false},"author":1,"featured_media":0,"comment_status":"closed","ping_status":"open","sticky":false,"template":"","format":"standard","meta":{"footnotes":""},"categories":[328,49,14,10,1214,16,18,4,108],"tags":[264,599,1219,76,37],"class_list":["post-3408","post","type-post","status-publish","format-standard","hentry","category-antira","category-antirep","category-arbeitskampf","category-aus-aller-welt","category-corona","category-schweiz","category-squat-the-world","category-veranstaltung","category-wirtschaftskrise","tag-1-mai","tag-asylrecht","tag-barbarei","tag-kapitalismus","tag-krise"],"_links":{"self":[{"href":"https:\/\/www.lagota.ch\/index.php?rest_route=\/wp\/v2\/posts\/3408","targetHints":{"allow":["GET"]}}],"collection":[{"href":"https:\/\/www.lagota.ch\/index.php?rest_route=\/wp\/v2\/posts"}],"about":[{"href":"https:\/\/www.lagota.ch\/index.php?rest_route=\/wp\/v2\/types\/post"}],"author":[{"embeddable":true,"href":"https:\/\/www.lagota.ch\/index.php?rest_route=\/wp\/v2\/users\/1"}],"replies":[{"embeddable":true,"href":"https:\/\/www.lagota.ch\/index.php?rest_route=%2Fwp%2Fv2%2Fcomments&post=3408"}],"version-history":[{"count":1,"href":"https:\/\/www.lagota.ch\/index.php?rest_route=\/wp\/v2\/posts\/3408\/revisions"}],"predecessor-version":[{"id":3410,"href":"https:\/\/www.lagota.ch\/index.php?rest_route=\/wp\/v2\/posts\/3408\/revisions\/3410"}],"wp:attachment":[{"href":"https:\/\/www.lagota.ch\/index.php?rest_route=%2Fwp%2Fv2%2Fmedia&parent=3408"}],"wp:term":[{"taxonomy":"category","embeddable":true,"href":"https:\/\/www.lagota.ch\/index.php?rest_route=%2Fwp%2Fv2%2Fcategories&post=3408"},{"taxonomy":"post_tag","embeddable":true,"href":"https:\/\/www.lagota.ch\/index.php?rest_route=%2Fwp%2Fv2%2Ftags&post=3408"}],"curies":[{"name":"wp","href":"https:\/\/api.w.org\/{rel}","templated":true}]}}