{"id":3411,"date":"2020-05-04T10:34:43","date_gmt":"2020-05-04T09:34:43","guid":{"rendered":"http:\/\/www.lagota.ch\/?p=3411"},"modified":"2020-05-04T10:34:43","modified_gmt":"2020-05-04T09:34:43","slug":"medienmitteilung-1-mai-demo-verschoben","status":"publish","type":"post","link":"https:\/\/www.lagota.ch\/?p=3411","title":{"rendered":"Medienmitteilung: 1. Mai Demo verschoben"},"content":{"rendered":"\n<p><strong>Keine 1. Mai Demo<\/strong> Aufgrund des Corona Virus kann die f\u00fcr dieses Jahr geplante 1. Mai Demo vom Luzerner Gewerkschaftsbund und RESolut nicht durchgef\u00fchrt werden. Stattdessen gibt es ein digitales Programm mit einem Online-Podium zum Thema Care Arbeit und die Corona-Krise von 20:00 bis 21:00 Uhr unter <a rel=\"noreferrer noopener\" href=\"https:\/\/l.facebook.com\/l.php?u=https%3A%2F%2Fus02web.zoom.us%2Fj%2F83450781676%3Ffbclid%3DIwAR0wJFV6pA2T7ikgDFlVT289LuM1oxRv6VOoLQlOfdK1MZInkPr3AuZR-lk&amp;h=AT1UBQemjH7yfto-YlQHsh2dBNN4zYeHmwjZ__3oNoN7Szz1KqzvQepsnkwxRFigtSe-iRVl7eEaWUSwHXPxUfO6lp-jJmshbgWC1ea1h-8DOL5Lrj10sT5ANJr3cYNBoCOV&amp;__tn__=-UK-R&amp;c[0]=AT3MFClBsUM-PkzKvGJiwlgGkL7tA4cHLhjt0DxjZXH2pBb7tgXSyU_bkXlzRlrSlWiPVN3fUBF5ggE759S2BjQmLvQgOBMDRWKZxm31xpmDm82rgaUst2_Bqh67d0m5JQXgG_M3LYc8Ita9yKwBb0GdhHMrYk1Y_DtdEN2EAEtKvoi5OCYZaRvMPow\" target=\"_blank\">https:\/\/us02web.zoom.us\/j\/83450781676<\/a>. <strong>Linke Organisationen rufen zur Demo am Tag X auf<\/strong> Dennoch habe die Corona-Krise gezeigt, wie dringend notwendig eine 1. Mai Demo sei. Deshalb ruft ein B\u00fcndnis, welches zurzeit aus RESolut, Luzerner Gewerkschaftsbund, Juso, Junge Gr\u00fcne und Frauen*streik Komitee besteht, zur Demo auf sobald dies die aktuelle Lage wieder zulasse. Die Organisator*innen werden dazu mit der Stadt Luzern Kontakt aufnehmen, sobald ein Datum absehbar sei. <br><strong>Alles ver\u00e4ndern<\/strong> Die Organisator*innen wollen gem\u00e4ss dem Motto \u00abAlles ver\u00e4ndern\u00bb. In ihrem Aufruf fordern sie nicht nur mehr Lohn, Personal und Freizeit f\u00fcr die Pflege, sondern kritisieren auch \u00abegoistische\u00bb K\u00fcndigungen im Gastro Bereich, \u00abunhaltbare\u00bb Zust\u00e4nde auf dem Bau und Gewalt an Frauen. Ausserdem fordern sie sichere Fluchtwege nach Europa, keine staatliche Unterst\u00fctzung f\u00fcr Abzocker und Umweltzerst\u00f6rer sowie eine solidarische Gesellschaft. <br><strong>Scharfe Kritik am Bundesrat<\/strong> Gleich in mehreren Punkten wird der Bundesrat kritisiert. Ein Dorn im Auge ist den Organisator*innen etwa, dass die Arbeitsbedingungen des Pflegepersonals verschlechtert worden seien, dass der Bundesrat zu wenig gegen Gewalt an Frauen unternommen und dass er es verpasst habe Menschen aus den Fl\u00fcchtlingslagern rund ums Mittelmeer zu evakuieren.<\/p>\n\n\n\n<div class=\"wp-block-image\"><figure class=\"aligncenter\"><img decoding=\"async\" src=\"https:\/\/resolut.noblogs.org\/files\/2020\/05\/Panda-1024x576.jpg\" alt=\"\" class=\"wp-image-247\"\/><\/figure><\/div>\n","protected":false},"excerpt":{"rendered":"<p>Keine 1. Mai Demo Aufgrund des Corona Virus kann die f\u00fcr dieses Jahr geplante 1. Mai Demo vom Luzerner Gewerkschaftsbund und RESolut nicht durchgef\u00fchrt werden. Stattdessen gibt es ein digitales Programm mit einem Online-Podium zum Thema Care Arbeit und die &hellip; <a href=\"https:\/\/www.lagota.ch\/?p=3411\">Continue reading <span class=\"meta-nav\">&rarr;<\/span><\/a><\/p>\n","protected":false},"author":1,"featured_media":0,"comment_status":"closed","ping_status":"open","sticky":false,"template":"","format":"standard","meta":{"footnotes":""},"categories":[14,16,18,4,108],"tags":[264,1220,1208,66,1148,1132],"class_list":["post-3411","post","type-post","status-publish","format-standard","hentry","category-arbeitskampf","category-schweiz","category-squat-the-world","category-veranstaltung","category-wirtschaftskrise","tag-1-mai","tag-bundesrat","tag-corona","tag-demo","tag-luzern","tag-resolut"],"_links":{"self":[{"href":"https:\/\/www.lagota.ch\/index.php?rest_route=\/wp\/v2\/posts\/3411","targetHints":{"allow":["GET"]}}],"collection":[{"href":"https:\/\/www.lagota.ch\/index.php?rest_route=\/wp\/v2\/posts"}],"about":[{"href":"https:\/\/www.lagota.ch\/index.php?rest_route=\/wp\/v2\/types\/post"}],"author":[{"embeddable":true,"href":"https:\/\/www.lagota.ch\/index.php?rest_route=\/wp\/v2\/users\/1"}],"replies":[{"embeddable":true,"href":"https:\/\/www.lagota.ch\/index.php?rest_route=%2Fwp%2Fv2%2Fcomments&post=3411"}],"version-history":[{"count":1,"href":"https:\/\/www.lagota.ch\/index.php?rest_route=\/wp\/v2\/posts\/3411\/revisions"}],"predecessor-version":[{"id":3412,"href":"https:\/\/www.lagota.ch\/index.php?rest_route=\/wp\/v2\/posts\/3411\/revisions\/3412"}],"wp:attachment":[{"href":"https:\/\/www.lagota.ch\/index.php?rest_route=%2Fwp%2Fv2%2Fmedia&parent=3411"}],"wp:term":[{"taxonomy":"category","embeddable":true,"href":"https:\/\/www.lagota.ch\/index.php?rest_route=%2Fwp%2Fv2%2Fcategories&post=3411"},{"taxonomy":"post_tag","embeddable":true,"href":"https:\/\/www.lagota.ch\/index.php?rest_route=%2Fwp%2Fv2%2Ftags&post=3411"}],"curies":[{"name":"wp","href":"https:\/\/api.w.org\/{rel}","templated":true}]}}