{"id":3416,"date":"2020-05-11T15:56:14","date_gmt":"2020-05-11T14:56:14","guid":{"rendered":"http:\/\/www.lagota.ch\/?p=3416"},"modified":"2020-05-11T15:56:14","modified_gmt":"2020-05-11T14:56:14","slug":"distanzlos-gegen-coronaregeln","status":"publish","type":"post","link":"https:\/\/www.lagota.ch\/?p=3416","title":{"rendered":"Distanzlos gegen Coronaregeln"},"content":{"rendered":"\n<p><strong>Proteste gegen Schutzma\u00dfnahmen in mehreren St\u00e4dten mit extrem rechter Beteiligung<\/strong><\/p>\n\n\n\n<p>Quer durch Deutschland ist am Wochenende gegen die Beschr\u00e4nkungen im Zuge der Coronakrise demonstriert worden \u2013 wobei zahlreiche Teilnehmer die Auflagen missachteten und den Mindestabstand von 1,5 bis zwei Metern nicht einhielten. Auf dem Alexanderplatz in Berlin kam es nach Polizeiangaben zu gewaltt\u00e4tigen Auseinandersetzungen zwischen Demonstranten und Einsatzkr\u00e4ften. Rund 1.200\u2009Personen hatten sich demnach zu der nicht angemeldeten Demonstration versammelt. Mehrere Teilnehmer skandierten Parolen wie \u00bbWir sind das Volk\u00ab oder \u00bbFreiheit, Freiheit\u00ab. Ein im Internet kursierendes Video zeigt Hendrik Sodenkamp, einen der Initiatoren der Berliner \u00bbHygienedemos\u00ab, der sich auf dem Platz, zunehmend verzweifelt, \u00fcber die Beteiligung von extremen Rechten beschwert \u2013 und damit bei anderen Teilnehmern auf Unverst\u00e4ndnis st\u00f6\u00dft: \u00bbIch habe einfach nichts mit Nazis gemein\u00ab, sagt er und bekommt zu h\u00f6ren: \u00bbWir sind alle ein Volk\u00ab, und: \u00bbDann geh doch weg hier.\u00ab Laut Polizei kam es auch zu Flaschenw\u00fcrfen und Angriffen auf Beamte. 86 Personen wurden \u00advor\u00fcbergehend festgenommen.<\/p>\n\n\n\n<p><img loading=\"lazy\" decoding=\"async\" width=\"500\" height=\"239\" class=\"wp-image-3417\" style=\"width: 500px;\" src=\"https:\/\/www.lagota.ch\/wp-content\/uploads\/coronanazis.jpg\" alt=\"\" srcset=\"https:\/\/www.lagota.ch\/wp-content\/uploads\/coronanazis.jpg 800w, https:\/\/www.lagota.ch\/wp-content\/uploads\/coronanazis-300x143.jpg 300w, https:\/\/www.lagota.ch\/wp-content\/uploads\/coronanazis-768x367.jpg 768w\" sizes=\"auto, (max-width: 500px) 100vw, 500px\" \/><br><br>In M\u00fcnchen versammelten sich nach Polizeiangaben rund 3.000 Menschen am zentralen Marienplatz, um gegen die Coronaauflagen zu demonstrieren. Da die Menschenmenge deutlich gr\u00f6\u00dfer gewesen sei als die angemeldeten 80 Teilnehmer, sei die Einhaltung des Mindestabstands nicht m\u00f6glich gewesen, teilte die Polizei via Twitter mit. Aufforderungen zur Aufl\u00f6sung kamen die Demonstranten jedoch nicht nach, der Einsatzleiter entschied sich dennoch gegen eine R\u00e4umung.<\/p>\n\n\n\n<p>In M\u00fcnchen und Stuttgart fanden ebenfalls Gro\u00dfkundgebungen statt. Der Th\u00fcringer FDP-Chef Thomas Kemmerich nahm an einer Protestveranstaltung in Gera teil, an der sich nach Angaben des <em>Mitteldeutschen Rundfunks<\/em> (<em>MDR<\/em>) auch AfD-Vertreter beteiligten. Th\u00fcringens Ministerpr\u00e4sident Bodo Ramelow (Linke) schrieb zu einem Foto, das Kemmerich in dem Protestzug zeigt: \u00bbAbstand halten oder Mundnasenschutzbe\u00addeckung? \u2013 Fehlanzeige! Vorbildfunktion? \u2013 Fehlanzeige!\u00ab<br><br><a href=\"https:\/\/www.jungewelt.de\/artikel\/378025.querfront-gegen-beschr%C3%A4nkungen-distanzlos-gegen-coronaregeln.html\">https:\/\/www.jungewelt.de\/artikel\/378025.querfront-gegen-beschr%C3%A4nkungen-distanzlos-gegen-coronaregeln.html<\/a><\/p>\n","protected":false},"excerpt":{"rendered":"<p>Proteste gegen Schutzma\u00dfnahmen in mehreren St\u00e4dten mit extrem rechter Beteiligung Quer durch Deutschland ist am Wochenende gegen die Beschr\u00e4nkungen im Zuge der Coronakrise demonstriert worden \u2013 wobei zahlreiche Teilnehmer die Auflagen missachteten und den Mindestabstand von 1,5 bis zwei Metern &hellip; <a href=\"https:\/\/www.lagota.ch\/?p=3416\">Continue reading <span class=\"meta-nav\">&rarr;<\/span><\/a><\/p>\n","protected":false},"author":1,"featured_media":0,"comment_status":"closed","ping_status":"open","sticky":false,"template":"","format":"standard","meta":{"footnotes":""},"categories":[13,10,1214],"tags":[1208,661,902,113],"class_list":["post-3416","post","type-post","status-publish","format-standard","hentry","category-antifa","category-aus-aller-welt","category-corona","tag-corona","tag-deutschland","tag-nazis","tag-proteste"],"_links":{"self":[{"href":"https:\/\/www.lagota.ch\/index.php?rest_route=\/wp\/v2\/posts\/3416","targetHints":{"allow":["GET"]}}],"collection":[{"href":"https:\/\/www.lagota.ch\/index.php?rest_route=\/wp\/v2\/posts"}],"about":[{"href":"https:\/\/www.lagota.ch\/index.php?rest_route=\/wp\/v2\/types\/post"}],"author":[{"embeddable":true,"href":"https:\/\/www.lagota.ch\/index.php?rest_route=\/wp\/v2\/users\/1"}],"replies":[{"embeddable":true,"href":"https:\/\/www.lagota.ch\/index.php?rest_route=%2Fwp%2Fv2%2Fcomments&post=3416"}],"version-history":[{"count":1,"href":"https:\/\/www.lagota.ch\/index.php?rest_route=\/wp\/v2\/posts\/3416\/revisions"}],"predecessor-version":[{"id":3418,"href":"https:\/\/www.lagota.ch\/index.php?rest_route=\/wp\/v2\/posts\/3416\/revisions\/3418"}],"wp:attachment":[{"href":"https:\/\/www.lagota.ch\/index.php?rest_route=%2Fwp%2Fv2%2Fmedia&parent=3416"}],"wp:term":[{"taxonomy":"category","embeddable":true,"href":"https:\/\/www.lagota.ch\/index.php?rest_route=%2Fwp%2Fv2%2Fcategories&post=3416"},{"taxonomy":"post_tag","embeddable":true,"href":"https:\/\/www.lagota.ch\/index.php?rest_route=%2Fwp%2Fv2%2Ftags&post=3416"}],"curies":[{"name":"wp","href":"https:\/\/api.w.org\/{rel}","templated":true}]}}