{"id":3419,"date":"2020-05-13T08:51:20","date_gmt":"2020-05-13T07:51:20","guid":{"rendered":"http:\/\/www.lagota.ch\/?p=3419"},"modified":"2020-05-13T08:51:20","modified_gmt":"2020-05-13T07:51:20","slug":"lancierung-petition-evakuierung-moira","status":"publish","type":"post","link":"https:\/\/www.lagota.ch\/?p=3419","title":{"rendered":"Lancierung Petition: Evakuierung Moira"},"content":{"rendered":"\n<p><strong>Am 11. Mai lancierte JUSO Stadt Luzern, zusammen mit Seebr\u00fccke Luzern, eine Petition, welche die Luzerner Kantonsregierung auffordert, sich beim Bund u.a. f\u00fcr die sofortige Evakuierung vom Fl\u00fccht- lingscamp Moria in Griechenland stark zu machen. Gleichzeitig soll Bereitschaft signalisiert werden gefl\u00fcchtete Menschen, auch im Kanton Luzern aufzunehmen.<\/strong><\/p>\n\n\n\n<p><img loading=\"lazy\" decoding=\"async\" width=\"400\" height=\"225\" class=\"wp-image-3420\" style=\"width: 400px;\" src=\"https:\/\/www.lagota.ch\/wp-content\/uploads\/leavenoonebehind.jpg\" alt=\"\" srcset=\"https:\/\/www.lagota.ch\/wp-content\/uploads\/leavenoonebehind.jpg 800w, https:\/\/www.lagota.ch\/wp-content\/uploads\/leavenoonebehind-300x169.jpg 300w, https:\/\/www.lagota.ch\/wp-content\/uploads\/leavenoonebehind-768x432.jpg 768w\" sizes=\"auto, (max-width: 400px) 100vw, 400px\" \/><br>In Camp Moria m\u00fcssen zurzeit \u00fcber 20\u2019000 Menschen unter unmenschlichen Bedingungen leben. Auf 1\u2019500 Menschen kommt ein Wasserhahn, sanit\u00e4re Infrastrukturen sind nur sp\u00e4rlich vorhanden und die M\u00f6glichkeit der Einhaltung von Hygienestandards ist unm\u00f6glich. W\u00e4hrend wir Grosskonzerne retten und Millionenbetr\u00e4ge an Dividenden ausgesch\u00fcttet werden, verschlimmert sich die Situation in den Fl\u00fcchtlingslagern auf Griechenland stetig. Solidarit\u00e4t in Zeiten von Corona wird grossgeschrieben. \u00abWir sitzen alle im gleichen Boot\u00bb. Leider nein, wir k\u00e4mpfen vielleicht gegen denselben Sturm an, aber im selben Boot sitzen wir nicht.<\/p>\n\n\n\n<p>Am <strong>18. Mai 20<\/strong> wird, in der Sondersession des Kantonsrates, eine dringliche Motion der SP-Kantonsr\u00e4- tin Sara Muff behandelt, welche den Bund zum Handeln auffordert. Eine Vertagung oder Ablehnung dieser dringenden Motion erachten wir als \u00e4usserst bedenklich!<\/p>\n\n\n\n<p>Die Schweiz verf\u00fcgt \u00fcber alle M\u00f6glichkeiten, sich daran zu beteiligen, eine humanit\u00e4re Katastrophe zu verhindern. Wir fordern eine <strong>klare Stellungnahme<\/strong> der Kantonsregierung und fordern diese auf, sich beim Bund f\u00fcr die <strong>sofortige Evakuierung<\/strong> einzusetzen.<\/p>\n\n\n\n<p><strong><a href=\"http:\/\/chng.it\/6XRtYyQddm\">Link zur Petition<\/a><\/strong><\/p>\n\n\n\n<p>Quelle: <a href=\"http:\/\/luzern.juso.ch\">luzern.juso.ch<\/a><\/p>\n","protected":false},"excerpt":{"rendered":"<p>Am 11. Mai lancierte JUSO Stadt Luzern, zusammen mit Seebr\u00fccke Luzern, eine Petition, welche die Luzerner Kantonsregierung auffordert, sich beim Bund u.a. f\u00fcr die sofortige Evakuierung vom Fl\u00fccht- lingscamp Moria in Griechenland stark zu machen. Gleichzeitig soll Bereitschaft signalisiert werden &hellip; <a href=\"https:\/\/www.lagota.ch\/?p=3419\">Continue reading <span class=\"meta-nav\">&rarr;<\/span><\/a><\/p>\n","protected":false},"author":1,"featured_media":0,"comment_status":"closed","ping_status":"open","sticky":false,"template":"","format":"standard","meta":{"footnotes":""},"categories":[10,11,406,16],"tags":[802,133,189,1148,1221,805],"class_list":["post-3419","post","type-post","status-publish","format-standard","hentry","category-aus-aller-welt","category-luzern","category-migration","category-schweiz","tag-flucht","tag-griechenland","tag-juso","tag-luzern","tag-moira","tag-seebrucke"],"_links":{"self":[{"href":"https:\/\/www.lagota.ch\/index.php?rest_route=\/wp\/v2\/posts\/3419","targetHints":{"allow":["GET"]}}],"collection":[{"href":"https:\/\/www.lagota.ch\/index.php?rest_route=\/wp\/v2\/posts"}],"about":[{"href":"https:\/\/www.lagota.ch\/index.php?rest_route=\/wp\/v2\/types\/post"}],"author":[{"embeddable":true,"href":"https:\/\/www.lagota.ch\/index.php?rest_route=\/wp\/v2\/users\/1"}],"replies":[{"embeddable":true,"href":"https:\/\/www.lagota.ch\/index.php?rest_route=%2Fwp%2Fv2%2Fcomments&post=3419"}],"version-history":[{"count":1,"href":"https:\/\/www.lagota.ch\/index.php?rest_route=\/wp\/v2\/posts\/3419\/revisions"}],"predecessor-version":[{"id":3421,"href":"https:\/\/www.lagota.ch\/index.php?rest_route=\/wp\/v2\/posts\/3419\/revisions\/3421"}],"wp:attachment":[{"href":"https:\/\/www.lagota.ch\/index.php?rest_route=%2Fwp%2Fv2%2Fmedia&parent=3419"}],"wp:term":[{"taxonomy":"category","embeddable":true,"href":"https:\/\/www.lagota.ch\/index.php?rest_route=%2Fwp%2Fv2%2Fcategories&post=3419"},{"taxonomy":"post_tag","embeddable":true,"href":"https:\/\/www.lagota.ch\/index.php?rest_route=%2Fwp%2Fv2%2Ftags&post=3419"}],"curies":[{"name":"wp","href":"https:\/\/api.w.org\/{rel}","templated":true}]}}