{"id":3422,"date":"2020-05-15T09:21:31","date_gmt":"2020-05-15T08:21:31","guid":{"rendered":"http:\/\/www.lagota.ch\/?p=3422"},"modified":"2020-05-15T09:21:31","modified_gmt":"2020-05-15T08:21:31","slug":"stoppt-die-rassistischen-ubergriffe-im-basslergut","status":"publish","type":"post","link":"https:\/\/www.lagota.ch\/?p=3422","title":{"rendered":"Stoppt die rassistischen \u00dcbergriffe im B\u00e4sslergut"},"content":{"rendered":"\n<p><strong>Wir haben heute Mittag vor dem N\u00f6lliturm in Luzern ein Transparent mit der Aufschrift \u00abStoppt die rassistischen \u00dcbergriffe im B\u00e4sslergut\u00bb aufgeh\u00e4ngt.<\/strong><\/p>\n\n\n\n<p>Wir sind entsetzt \u00fcber die k\u00f6rperlichen \u00dcbergriffe im Basler Asylheim B\u00e4sslergut, welche von der Rundschau und der WOZ aufgedeckt wurden und fordern eine unabh\u00e4ngige Untersuchung sowie die Freistellung pr\u00fcgelnder Securitas Mitarbeiter*innen. Ausserdem verlangen wir ein Ende der Lager-Politik und eine dezentrale Unterbringung von gefl\u00fcchteten Menschen.<\/p>\n\n\n\n<p>Mehr Infos:<br><a href=\"https:\/\/www.srf.ch\/play\/tv\/sendung\/rundschau?id=49863a84-1ab7-4abb-8e69-d8e8bda6c989\">https:\/\/www.srf.ch\/play\/tv\/sendung\/rundschau?id=49863a84-1ab7-4abb-8e69-d8e8bda6c989<\/a><br><a href=\"https:\/\/www.woz.ch\/2020\/asylpolitik\/tatort-besinnungsraum\">https:\/\/www.woz.ch\/2020\/asylpolitik\/tatort-besinnungsraum<\/a><\/p>\n\n\n\n<p>RESolut.tk<br><br>Quelle: <a href=\"http:\/\/www.resolut.tk\/\">http:\/\/www.resolut.tk\/<\/a><\/p>\n\n\n\n<figure class=\"wp-block-image\"><img decoding=\"async\" src=\"https:\/\/publish.barrikade.info\/IMG\/png\/basslergut.png\" alt=\"PNG - 6.9\u00a0MB\"\/><\/figure>\n\n\n\n<p><\/p>\n","protected":false},"excerpt":{"rendered":"<p>Wir haben heute Mittag vor dem N\u00f6lliturm in Luzern ein Transparent mit der Aufschrift \u00abStoppt die rassistischen \u00dcbergriffe im B\u00e4sslergut\u00bb aufgeh\u00e4ngt. Wir sind entsetzt \u00fcber die k\u00f6rperlichen \u00dcbergriffe im Basler Asylheim B\u00e4sslergut, welche von der Rundschau und der WOZ aufgedeckt &hellip; <a href=\"https:\/\/www.lagota.ch\/?p=3422\">Continue reading <span class=\"meta-nav\">&rarr;<\/span><\/a><\/p>\n","protected":false},"author":1,"featured_media":0,"comment_status":"closed","ping_status":"open","sticky":false,"template":"","format":"standard","meta":{"footnotes":""},"categories":[13,328,11,406],"tags":[67,1222,1148,1132,1223,637],"class_list":["post-3422","post","type-post","status-publish","format-standard","hentry","category-antifa","category-antira","category-luzern","category-migration","tag-basel","tag-basslergut","tag-luzern","tag-resolut","tag-securitas","tag-transparent"],"_links":{"self":[{"href":"https:\/\/www.lagota.ch\/index.php?rest_route=\/wp\/v2\/posts\/3422","targetHints":{"allow":["GET"]}}],"collection":[{"href":"https:\/\/www.lagota.ch\/index.php?rest_route=\/wp\/v2\/posts"}],"about":[{"href":"https:\/\/www.lagota.ch\/index.php?rest_route=\/wp\/v2\/types\/post"}],"author":[{"embeddable":true,"href":"https:\/\/www.lagota.ch\/index.php?rest_route=\/wp\/v2\/users\/1"}],"replies":[{"embeddable":true,"href":"https:\/\/www.lagota.ch\/index.php?rest_route=%2Fwp%2Fv2%2Fcomments&post=3422"}],"version-history":[{"count":1,"href":"https:\/\/www.lagota.ch\/index.php?rest_route=\/wp\/v2\/posts\/3422\/revisions"}],"predecessor-version":[{"id":3423,"href":"https:\/\/www.lagota.ch\/index.php?rest_route=\/wp\/v2\/posts\/3422\/revisions\/3423"}],"wp:attachment":[{"href":"https:\/\/www.lagota.ch\/index.php?rest_route=%2Fwp%2Fv2%2Fmedia&parent=3422"}],"wp:term":[{"taxonomy":"category","embeddable":true,"href":"https:\/\/www.lagota.ch\/index.php?rest_route=%2Fwp%2Fv2%2Fcategories&post=3422"},{"taxonomy":"post_tag","embeddable":true,"href":"https:\/\/www.lagota.ch\/index.php?rest_route=%2Fwp%2Fv2%2Ftags&post=3422"}],"curies":[{"name":"wp","href":"https:\/\/api.w.org\/{rel}","templated":true}]}}