{"id":3434,"date":"2020-06-09T12:28:25","date_gmt":"2020-06-09T11:28:25","guid":{"rendered":"http:\/\/www.lagota.ch\/?p=3434"},"modified":"2020-06-09T12:28:25","modified_gmt":"2020-06-09T11:28:25","slug":"black-lives-matter-demo-in-luzern-am-13-6-20","status":"publish","type":"post","link":"https:\/\/www.lagota.ch\/?p=3434","title":{"rendered":"Black Lives Matter Demo in Luzern am 13.6.20"},"content":{"rendered":"\n<p><strong>Am kommenden Samstag organisiert die Aktivist*innen Gruppe RESolut zusammen mit dem Eritreischen Medienbund und Einzelpersonen eine Black Lives Matter Demo in Luzern.<\/strong><br><br><img loading=\"lazy\" decoding=\"async\" width=\"500\" height=\"500\" class=\"wp-image-3435\" style=\"width: 500px;\" src=\"https:\/\/www.lagota.ch\/wp-content\/uploads\/blmluzern.jpg\" alt=\"\" srcset=\"https:\/\/www.lagota.ch\/wp-content\/uploads\/blmluzern.jpg 960w, https:\/\/www.lagota.ch\/wp-content\/uploads\/blmluzern-300x300.jpg 300w, https:\/\/www.lagota.ch\/wp-content\/uploads\/blmluzern-150x150.jpg 150w, https:\/\/www.lagota.ch\/wp-content\/uploads\/blmluzern-768x768.jpg 768w\" sizes=\"auto, (max-width: 500px) 100vw, 500px\" \/><br><br>Nach Protesten in den USA, auf der ganzen Welt und in zahlreichen St\u00e4dten in der Schweiz, wird nun auch eine Demo in Luzern stattfinden. Wir solidarisieren uns mit den Protesten in den USA und gehen auch gegen strukturellen Rassismus und rassistische Polizeigewalt in der Schweiz auf die Strasse. Die Demo in Luzern soll bewilligt stattfinden, so k\u00f6nnen alle mitlaufen. Die Organisator*innen haben dazu ein Bewilligungsgesuch und ein Corona-Schutzkonzept eingereicht. Ein Gespr\u00e4ch mit der Stadt sei positiv verlaufen. Um sicherzustellen, dass nicht mehr als 300 Personen teilnehmen, wird der Besammlungsplatz abgesperrt und Zutrittskontrollen durchgef\u00fchrt. Ausserdem m\u00fcssen die Teilnehmer*innen ihre Kontaktdaten angeben um die R\u00fcckverfolgbarkeit zu gew\u00e4hrleisten.<br>Die Demonstration wird sich um 14:00 Uhr auf dem Bahnhofplatz besammeln. Die Route f\u00fchrt anschliessend durch die Neustadt und endet wieder auf dem Bahnhofplatz.<br><br>Paradoxe Situation f\u00fcr die Organisator*innen<br>Normalerweise w\u00fcrde man mit m\u00f6glichst vielen Teilnehmenden ein Zeichen setzen. An der Demo am Samstag d\u00fcrfen jedoch nicht mehr als 300 Personen teilnehmen. \u00abAufgrund der aktuellen Covid-19 Situation bitten wir interessierte Menschen, People of Color den Vortritt zu lassen und die Demo wieder zu verlassen, sollten mehr als 300 Personen zur Besammlung kommen\u00bb sagt eine Veranstalterin. Solidarit\u00e4t k\u00f6nne man mit einem Transparent oder einem Plakat immer und \u00fcberall zeigen.<\/p>\n","protected":false},"excerpt":{"rendered":"<p>Am kommenden Samstag organisiert die Aktivist*innen Gruppe RESolut zusammen mit dem Eritreischen Medienbund und Einzelpersonen eine Black Lives Matter Demo in Luzern. Nach Protesten in den USA, auf der ganzen Welt und in zahlreichen St\u00e4dten in der Schweiz, wird nun &hellip; <a href=\"https:\/\/www.lagota.ch\/?p=3434\">Continue reading <span class=\"meta-nav\">&rarr;<\/span><\/a><\/p>\n","protected":false},"author":1,"featured_media":0,"comment_status":"closed","ping_status":"open","sticky":false,"template":"","format":"standard","meta":{"footnotes":""},"categories":[13,328,49,10,11,4],"tags":[1229,1209,66,1148],"class_list":["post-3434","post","type-post","status-publish","format-standard","hentry","category-antifa","category-antira","category-antirep","category-aus-aller-welt","category-luzern","category-veranstaltung","tag-black-lives-matter","tag-covid-19","tag-demo","tag-luzern"],"_links":{"self":[{"href":"https:\/\/www.lagota.ch\/index.php?rest_route=\/wp\/v2\/posts\/3434","targetHints":{"allow":["GET"]}}],"collection":[{"href":"https:\/\/www.lagota.ch\/index.php?rest_route=\/wp\/v2\/posts"}],"about":[{"href":"https:\/\/www.lagota.ch\/index.php?rest_route=\/wp\/v2\/types\/post"}],"author":[{"embeddable":true,"href":"https:\/\/www.lagota.ch\/index.php?rest_route=\/wp\/v2\/users\/1"}],"replies":[{"embeddable":true,"href":"https:\/\/www.lagota.ch\/index.php?rest_route=%2Fwp%2Fv2%2Fcomments&post=3434"}],"version-history":[{"count":1,"href":"https:\/\/www.lagota.ch\/index.php?rest_route=\/wp\/v2\/posts\/3434\/revisions"}],"predecessor-version":[{"id":3436,"href":"https:\/\/www.lagota.ch\/index.php?rest_route=\/wp\/v2\/posts\/3434\/revisions\/3436"}],"wp:attachment":[{"href":"https:\/\/www.lagota.ch\/index.php?rest_route=%2Fwp%2Fv2%2Fmedia&parent=3434"}],"wp:term":[{"taxonomy":"category","embeddable":true,"href":"https:\/\/www.lagota.ch\/index.php?rest_route=%2Fwp%2Fv2%2Fcategories&post=3434"},{"taxonomy":"post_tag","embeddable":true,"href":"https:\/\/www.lagota.ch\/index.php?rest_route=%2Fwp%2Fv2%2Ftags&post=3434"}],"curies":[{"name":"wp","href":"https:\/\/api.w.org\/{rel}","templated":true}]}}