{"id":3437,"date":"2020-06-15T15:02:20","date_gmt":"2020-06-15T14:02:20","guid":{"rendered":"http:\/\/www.lagota.ch\/?p=3437"},"modified":"2020-06-15T15:02:33","modified_gmt":"2020-06-15T14:02:33","slug":"erfolgreiche-black-lives-matter-demonstration-in-luzern","status":"publish","type":"post","link":"https:\/\/www.lagota.ch\/?p=3437","title":{"rendered":"Erfolgreiche Black Lives Matter Demonstration in Luzern"},"content":{"rendered":"\n<p><strong>700 Personen nahmen am Samstagnachmittag an einer Black Lives Matter Demo in Luzern teil.<\/strong><\/p>\n\n\n\n<p><img loading=\"lazy\" decoding=\"async\" width=\"500\" height=\"334\" class=\"wp-image-3438\" style=\"width: 500px;\" src=\"https:\/\/www.lagota.ch\/wp-content\/uploads\/blmluzernbild.jpg\" alt=\"\" srcset=\"https:\/\/www.lagota.ch\/wp-content\/uploads\/blmluzernbild.jpg 768w, https:\/\/www.lagota.ch\/wp-content\/uploads\/blmluzernbild-300x200.jpg 300w\" sizes=\"auto, (max-width: 500px) 100vw, 500px\" \/><br><br>Der Umzug startete um 14:30 Uhr auf dem Bahnhofplatz mit 300 Personen und zog danach durch die Zentralstrasse, Winkelriedstrasse und den Hirschgraben Nach einer Ansprache beim Regierungsgeb\u00e4ude f\u00fchrte die Demonstration durch die Bahnhofstrasse zur\u00fcck zum Bahnhofplatz, wo die Demo nach etwa einer Stunde endete.<\/p>\n\n\n\n<p><strong>Menschen mussten weggeschickt werden<\/strong><\/p>\n\n\n\n<p>Auf Grund der aktuellen Covid 19 Situation waren an der Demonstration nur 300 Personen zugelassen. Die Organisatoren sind \u00fcberw\u00e4ltigt von der Solidarit\u00e4t der Luzerner Bev\u00f6lkerung. Zahlreiche Menschen mussten vom Besammlungsplatz weggeschickt werden. Sie wurden dazu ermuntert mit ihren Schildern an einem anderen Ort in der Stadt auf das Anliegen aufmerksam zu machen. Unterwegs bekundeten zahlreiche Zuschauer*innen immer wieder ihre Zustimmung zur Demonstration. Viele schlossen sich spontan dem Umzug an, so wuchs die Demo immer weiter<\/p>\n\n\n\n<p><strong>Solidarit\u00e4t und die Schweiz im Fokus<\/strong><\/p>\n\n\n\n<p>Nebstdem die Demonstrant*innen ihre Solidarit\u00e4t mit den weltweiten Protesten bekundeten, machten sie auch auf Missst\u00e4nde in der Schweiz aufmerksam. Racial Profiling, Nachteile auf dem Wohn- und Arbeitsmarkt, Polizeigewalt und Alltagsrassismus wurden thematisiert. Als Racial Profiling bezeichnet man das Agieren der Polizei anhand von Kriterien wie ethnischer Zugeh\u00f6rigkeit, Religion oder nationaler Herkunft und nicht anhand konkreter Verdachtsmomente. Mindestens 18 Personen wurden in den letzten 20 Jahren bei Polizeikontrollen oder in Haft in der Schweiz get\u00f6tet. Um ihnen und allen anderen durch die Polizei get\u00f6teten Menschen zu gedenken wurde am Schluss eine Schweigeminute gehalten.<\/p>\n\n\n\n<p><strong>Der Protest ist nicht zu Ende<\/strong><\/p>\n\n\n\n<p>Die Demonstrant*innen wollen weiter k\u00e4mpfen. Sie wollen den Rassismus beenden. Das dies mit einer einzelnen Demo nicht geschafft ist, ist den Organisator*innen klar. Sie wollen deshalb weiter aktiv bleiben und auch in der Zukunft Protestaktionen organisieren.<br><br>Quelle: www.resolut.tk<\/p>\n","protected":false},"excerpt":{"rendered":"<p>700 Personen nahmen am Samstagnachmittag an einer Black Lives Matter Demo in Luzern teil. Der Umzug startete um 14:30 Uhr auf dem Bahnhofplatz mit 300 Personen und zog danach durch die Zentralstrasse, Winkelriedstrasse und den Hirschgraben Nach einer Ansprache beim &hellip; <a href=\"https:\/\/www.lagota.ch\/?p=3437\">Continue reading <span class=\"meta-nav\">&rarr;<\/span><\/a><\/p>\n","protected":false},"author":1,"featured_media":0,"comment_status":"closed","ping_status":"open","sticky":false,"template":"","format":"standard","meta":{"footnotes":""},"categories":[13,328,49,11],"tags":[114,1229,1208,66,1148],"class_list":["post-3437","post","type-post","status-publish","format-standard","hentry","category-antifa","category-antira","category-antirep","category-luzern","tag-antirassismus","tag-black-lives-matter","tag-corona","tag-demo","tag-luzern"],"_links":{"self":[{"href":"https:\/\/www.lagota.ch\/index.php?rest_route=\/wp\/v2\/posts\/3437","targetHints":{"allow":["GET"]}}],"collection":[{"href":"https:\/\/www.lagota.ch\/index.php?rest_route=\/wp\/v2\/posts"}],"about":[{"href":"https:\/\/www.lagota.ch\/index.php?rest_route=\/wp\/v2\/types\/post"}],"author":[{"embeddable":true,"href":"https:\/\/www.lagota.ch\/index.php?rest_route=\/wp\/v2\/users\/1"}],"replies":[{"embeddable":true,"href":"https:\/\/www.lagota.ch\/index.php?rest_route=%2Fwp%2Fv2%2Fcomments&post=3437"}],"version-history":[{"count":3,"href":"https:\/\/www.lagota.ch\/index.php?rest_route=\/wp\/v2\/posts\/3437\/revisions"}],"predecessor-version":[{"id":3441,"href":"https:\/\/www.lagota.ch\/index.php?rest_route=\/wp\/v2\/posts\/3437\/revisions\/3441"}],"wp:attachment":[{"href":"https:\/\/www.lagota.ch\/index.php?rest_route=%2Fwp%2Fv2%2Fmedia&parent=3437"}],"wp:term":[{"taxonomy":"category","embeddable":true,"href":"https:\/\/www.lagota.ch\/index.php?rest_route=%2Fwp%2Fv2%2Fcategories&post=3437"},{"taxonomy":"post_tag","embeddable":true,"href":"https:\/\/www.lagota.ch\/index.php?rest_route=%2Fwp%2Fv2%2Ftags&post=3437"}],"curies":[{"name":"wp","href":"https:\/\/api.w.org\/{rel}","templated":true}]}}