{"id":3452,"date":"2020-07-10T15:39:56","date_gmt":"2020-07-10T14:39:56","guid":{"rendered":"http:\/\/www.lagota.ch\/?p=3452"},"modified":"2020-07-10T15:39:56","modified_gmt":"2020-07-10T14:39:56","slug":"aktivist-muss-wegen-bodum-plakat-bei-polizei-antraben","status":"publish","type":"post","link":"https:\/\/www.lagota.ch\/?p=3452","title":{"rendered":"Aktivist muss wegen \u00abBodum\u00bb-Plakat bei Polizei antraben"},"content":{"rendered":"\n<p><strong>Ein Luzerner hatte Anfang Jahr mit der Gruppe Resolut die Enteignung der beiden Villen an der Obergrundstrasse gefordert. Obwohl die Debatte mittlerweile begraben ist, hat sie f\u00fcr den Aktivisten bis heute Folgen.<\/strong><\/p>\n\n\n\n<p>Man h\u00e4tte meinen sollen, dass mit dem Verkauf der leerstehenden Villen an der Obergrundstrasse etwas Ruhe einkehrt. Doch weit gefehlt. Zwar haben die neuen Besitzer, das Architekturb\u00fcro Romano &amp; Christen, das einsturzgef\u00e4hrdete Dach gesichert. Bei den Quartierbewohnern wird aber bereits Kritik laut (<a href=\"https:\/\/www.zentralplus.ch\/verkauf-der-bodum-villen-ein-geschaeft-mit-beigeschmack-1838855\/\">zentralplus berichtete<\/a>).<\/p>\n\n\n\n<p>Der Luzerner Aktivist Eugen Scheuch hingegen hat noch ganz andere Sorgen. Er wurde vom Vorbesitzer der Villen, der Firma Bodum, angezeigt. Anfang Jahr hatte er n\u00e4mlich mit der Gruppe Resolut beim Stadtrat einen Bev\u00f6lkerungsantrag eingereicht, um die Enteignung der Villen zu pr\u00fcfen. Von der \u00dcbergabe existieren Fotos, auf denen Scheuch zu sehen ist. Hinter ihm ein Plakat, auf dem zu lesen ist: \u00abGundula muss weiterleben! Bodum enteignen\u00bb<\/p>\n\n\n\n<h4 class=\"wp-block-heading\"><strong>Kommt es zum Pr\u00e4zedenzfall?<\/strong><\/h4>\n\n\n\n<p>Genau dieses Plakat wurde Scheuch jetzt zum Verh\u00e4ngnis, wie die <a href=\"https:\/\/www.woz.ch\/2028\/justiz\/wer-darf-bodum-schreiben\">\u00abWochenzeitung\u00bb<\/a> schreibt. K\u00fcrzlich wurde er von der Luzerner Polizei vorgeladen. Der Vorwurf: Scheuch habe gegen das Markenschutzgesetz verstossen. Denn das Wort \u00abBodum\u00bb wurde auf dem Plakat dem Logo der Firma nachempfunden.<\/p>\n\n\n\n<p>Eingegangen sei die Anzeige von einer der Bodum-Firmen, best\u00e4tigt die Staatsanwaltschaft gegen\u00fcber dem Magazin. \u00abWenn man mich wegen einem Schriftzug auf einem Transparent verurteilt, w\u00fcrde das einen absurden Pr\u00e4zedenzfall schaffen\u00bb, sagt Scheuch.<\/p>\n\n\n\n<h4 class=\"wp-block-heading\"><strong>Juristen geben der Anzeige kaum Chancen<\/strong><\/h4>\n\n\n\n<p>Ob es tats\u00e4chlich zu einem Verfahren kommt, ist aber noch offen. Dar\u00fcber wird die Staatsanwaltschaft entscheiden. Die Firma Bodum nahm gegen\u00fcber dem Magazin keine Stellung dazu. Ihre Chancen st\u00fcnden aber nicht sonderlich gut, wie etwa Grundrechtsanwalt Viktor Gyorffy sagt: \u00abAls Meinungs\u00e4usserung muss dieses Transparent erlaubt sein.\u00bb Der Z\u00fcrcher Medienanwalt Martin Steiger erkl\u00e4rt ausserdem, dass der Markenschutz nur gelte, wenn er \u00abals Kennzeichen im gesch\u00e4ftlichen Verkehr\u00bb verwendet werde. Best\u00e4tigt wird er durch Cyrill Rigamonti, Professor f\u00fcr Wirtschaftsrecht an der Uni Bern: \u00abWenn es einzig um die Verwendung der Marke Bodum auf dem Transparent geht, liegt aus meiner Sicht keine Markenverletzung vor.\u00bb<\/p>\n\n\n\n<p>Es ist nicht das erste Mal, dass Bodum in dieser Sache gegen Kritiker vorgeht. Die Journalistin Jana Avanzini wurde in zwei Instanzen wegen Hausfriedensbruchs verurteilt (<a href=\"https:\/\/www.zentralplus.ch\/jana-avanzini-wir-reden-hier-von-lokaljournalismus-1745705\/\">zentralplus berichtete<\/a>). Sie hatte 2016 eine der Villen betreten, als diese besetzt war, damit sie \u00fcber das Geschehen und den Zustand im Inneren des Hauses berichten konnte.<\/p>\n\n\n\n<p>Auch Scheuch wurde damals wegen Hausfriedensbruchs verurteilt \u2013 er war einer von fast 30 Aktivisten, die von Bodum angezeigt worden waren <a href=\"https:\/\/www.zentralplus.ch\/eugen-scheuch-ich-habe-nichts-unrechtes-getan-830123\/\">(zentralplus berichtete)<\/a>. Die beiden Parteien w\u00fcrden sich bei einem allf\u00e4lligen Verfahren also nicht zum ersten Mal gegen\u00fcber stehen.<br><br>Quelle: <a href=\"https:\/\/www.zentralplus.ch\/aktivist-muss-wegen-bodum-plakat-bei-polizei-antraben-1840079\/\">https:\/\/www.zentralplus.ch\/aktivist-muss-wegen-bodum-plakat-bei-polizei-antraben-1840079\/<\/a><\/p>\n","protected":false},"excerpt":{"rendered":"<p>Ein Luzerner hatte Anfang Jahr mit der Gruppe Resolut die Enteignung der beiden Villen an der Obergrundstrasse gefordert. Obwohl die Debatte mittlerweile begraben ist, hat sie f\u00fcr den Aktivisten bis heute Folgen. Man h\u00e4tte meinen sollen, dass mit dem Verkauf &hellip; <a href=\"https:\/\/www.lagota.ch\/?p=3452\">Continue reading <span class=\"meta-nav\">&rarr;<\/span><\/a><\/p>\n","protected":false},"author":1,"featured_media":0,"comment_status":"closed","ping_status":"open","sticky":false,"template":"","format":"standard","meta":{"footnotes":""},"categories":[49,18],"tags":[883,881,1148,1132,252],"class_list":["post-3452","post","type-post","status-publish","format-standard","hentry","category-antirep","category-squat-the-world","tag-bodum","tag-gundula","tag-luzern","tag-resolut","tag-strafanzeige"],"_links":{"self":[{"href":"https:\/\/www.lagota.ch\/index.php?rest_route=\/wp\/v2\/posts\/3452","targetHints":{"allow":["GET"]}}],"collection":[{"href":"https:\/\/www.lagota.ch\/index.php?rest_route=\/wp\/v2\/posts"}],"about":[{"href":"https:\/\/www.lagota.ch\/index.php?rest_route=\/wp\/v2\/types\/post"}],"author":[{"embeddable":true,"href":"https:\/\/www.lagota.ch\/index.php?rest_route=\/wp\/v2\/users\/1"}],"replies":[{"embeddable":true,"href":"https:\/\/www.lagota.ch\/index.php?rest_route=%2Fwp%2Fv2%2Fcomments&post=3452"}],"version-history":[{"count":1,"href":"https:\/\/www.lagota.ch\/index.php?rest_route=\/wp\/v2\/posts\/3452\/revisions"}],"predecessor-version":[{"id":3453,"href":"https:\/\/www.lagota.ch\/index.php?rest_route=\/wp\/v2\/posts\/3452\/revisions\/3453"}],"wp:attachment":[{"href":"https:\/\/www.lagota.ch\/index.php?rest_route=%2Fwp%2Fv2%2Fmedia&parent=3452"}],"wp:term":[{"taxonomy":"category","embeddable":true,"href":"https:\/\/www.lagota.ch\/index.php?rest_route=%2Fwp%2Fv2%2Fcategories&post=3452"},{"taxonomy":"post_tag","embeddable":true,"href":"https:\/\/www.lagota.ch\/index.php?rest_route=%2Fwp%2Fv2%2Ftags&post=3452"}],"curies":[{"name":"wp","href":"https:\/\/api.w.org\/{rel}","templated":true}]}}