{"id":3469,"date":"2020-08-21T07:41:53","date_gmt":"2020-08-21T06:41:53","guid":{"rendered":"http:\/\/www.lagota.ch\/?p=3469"},"modified":"2020-08-21T07:47:39","modified_gmt":"2020-08-21T06:47:39","slug":"gegendemo-marsch-furs-labe-2020","status":"publish","type":"post","link":"https:\/\/www.lagota.ch\/?p=3469","title":{"rendered":"Gegendemo &#8220;Marsch f\u00fcr\u2019s L\u00e4be&#8221; 2020"},"content":{"rendered":"\n<p>My Body My Choice! &#8211; Kein Fussbreit dem &#8220;Marsch f\u00fcr\u2019s L\u00e4be&#8221; 2020!<\/p>\n\n\n\n<p>Dort werden sich die christlichen Fundamentalist*innen unter dem diesj\u00e4hrigen Motto \u00abL\u00e4be f\u00fcr alli\u00bb bereits zum elften Mal gegen das Recht auf Abtreibung und damit gegen das Selbstbestimmungsrecht der Frauen \u00fcber ihren eigenen K\u00f6rper positionieren. Die Organisator*innen versprechen \u00abein fr\u00f6hliches Treffen f\u00fcr die ganze Familie\u00bb und ein \u00abvielf\u00e4ltiges Programm mit kreativen \u00dcberraschungen\u00bb.<\/p>\n\n\n\n<p>Wir lassen uns weder von blumigen Worten noch von \u00abkreativen \u00dcberraschungen\u00bb blenden: Mit \u00abf\u00fcrs L\u00e4be\u00bb oder \u00abL\u00e4be f\u00fcr alli\u00bb hat diese Veranstaltung genauso wie die M\u00e4rsche und Aktionen der vergangenen Jahre nichts zu tun.<\/p>\n\n\n\n<p>Die Christenfundis inszenieren sich als Lebenssch\u00fctzer*innen, doch in Tat und Wahrheit propagieren sie ein r\u00fcckw\u00e4rtsgewandtes, frauen- und LGBTIQ*-verachtendes Menschenbild. Das \u00abL\u00e4be\u00bb, welches sie sich w\u00fcnschen, ist ein patriarchales, zutiefst sexistisches und konservatives Leben, in dem Frauen zu Geb\u00e4rmaschinen f\u00fcr Staat, Nation, Kirche und Kapital degradiert werden und \u00fcber kein Selbstbestimmungsrecht \u00fcber den eigenen K\u00f6rper verf\u00fcgen.<\/p>\n\n\n\n<p>Die rechten Christ*innen proklamieren, dass Abtreibung Mord sei, die psychische Gesundheit gef\u00e4hrde und das christliche Modell der patriarchalen Kernfamilie aush\u00f6hle. Zur Untermauerung ihrer Argumente schrecken sie auch nicht davor zur\u00fcck, immer wieder Menschen mit Beeintr\u00e4chtigung auf die Strasse zu zerren, Kinder und traumatisierte Personen f\u00fcr ihre Vorhaben zu instrumentalisieren, Fakten zu verbiegen und L\u00fcgen zu verbreiten. Dieses Vorgehen ist perfide und degradiert Kinder und Menschen mit Beeintr\u00e4chtigung, in dem es sie als Werbetr\u00e4ger*innen ausnutzt.<\/p>\n\n\n\n<p>Entbl\u00f6ssend f\u00fcr \u00abden Marsch\u00bb ist auch, wer sich dahinter verbirgt: Mitorganisiert wird der \u00abMarsch f\u00fcrs L\u00e4be\u00bb vom Z\u00fcrcher SVP-Politiker Daniel Regli, der in der Vergangenheit durch extrem menschenverachtende Aussagen zu \u00abSuizid bei Schwulen\u00bb fragw\u00fcrdige Ber\u00fchmtheit erlangte. Aber auch die anderen OK-Mitglieder haben es in sich. Neben den Anbieter*innen moralisierender Beratungsseiten finden sich hier auch zahlreiche Akteur*innen wieder, die offen islamophobe, fremdenfeindliche, homophobe, misogyne und transphobe Positionen vertreten. So etwa die Betreiber*innen der Website zukunft-ch.ch, die mit Texten und Veranstaltungen zu \u00dcberfremdung, aber auch zur Heilung Transsexueller das Bild einer \u00abZukunft\u00bb zeichnen, in der nur weisse, hetero-cis Christ*innen einen Platz haben. Ebenfalls vertreten sind Mitglieder von \u00abChristen f\u00fcr die Wahrheit\u00bb, einer sektenartigen Gruppierung, die sich immer wieder mit der Verbreitung schwurbeliger Verschw\u00f6rungstheorien und massiv queerfeindlicher Inhalte hervortut.<\/p>\n\n\n\n<p>Die Fundis k\u00f6nnen zwar versuchen, ihre Veranstaltung hinter Schloss und Riegel und unter sich abzuhalten, aber das wird uns nicht daran hindern, uns ihnen entgegen zu stellen, unsere Inhalte auf die Strasse zu tragen und ihnen deutlich zu zeigen, dass sie auch hier nicht erw\u00fcnscht sind!<\/p>\n\n\n\n<p>Auf zur Gegendemo am 19. September 2020!<br>Treffpunkt um 12:00 Uhr im Stadtpark Winterthur<br><br>Quelle: <a href=\"https:\/\/barrikade.info\/event\/1347\">https:\/\/barrikade.info\/event\/1347<\/a><br><br><\/p>\n\n\n\n<p><img loading=\"lazy\" decoding=\"async\" width=\"300\" height=\"424\" class=\"wp-image-3472\" style=\"width: 300px;\" src=\"https:\/\/www.lagota.ch\/wp-content\/uploads\/antimarsch2020.jpg\" alt=\"\" srcset=\"https:\/\/www.lagota.ch\/wp-content\/uploads\/antimarsch2020.jpg 1448w, https:\/\/www.lagota.ch\/wp-content\/uploads\/antimarsch2020-212x300.jpg 212w, https:\/\/www.lagota.ch\/wp-content\/uploads\/antimarsch2020-724x1024.jpg 724w, https:\/\/www.lagota.ch\/wp-content\/uploads\/antimarsch2020-768x1086.jpg 768w, https:\/\/www.lagota.ch\/wp-content\/uploads\/antimarsch2020-1086x1536.jpg 1086w\" sizes=\"auto, (max-width: 300px) 100vw, 300px\" \/><br><br><\/p>\n","protected":false},"excerpt":{"rendered":"<p>My Body My Choice! &#8211; Kein Fussbreit dem &#8220;Marsch f\u00fcr\u2019s L\u00e4be&#8221; 2020! Dort werden sich die christlichen Fundamentalist*innen unter dem diesj\u00e4hrigen Motto \u00abL\u00e4be f\u00fcr alli\u00bb bereits zum elften Mal gegen das Recht auf Abtreibung und damit gegen das Selbstbestimmungsrecht der &hellip; <a href=\"https:\/\/www.lagota.ch\/?p=3469\">Continue reading <span class=\"meta-nav\">&rarr;<\/span><\/a><\/p>\n","protected":false},"author":1,"featured_media":0,"comment_status":"closed","ping_status":"open","sticky":false,"template":"","format":"standard","meta":{"footnotes":""},"categories":[13,242,16,4],"tags":[66,706,577,373,471],"class_list":["post-3469","post","type-post","status-publish","format-standard","hentry","category-antifa","category-emanzipation","category-schweiz","category-veranstaltung","tag-demo","tag-gegendemo","tag-homophobie","tag-marsch-furs-labe","tag-winterthur"],"_links":{"self":[{"href":"https:\/\/www.lagota.ch\/index.php?rest_route=\/wp\/v2\/posts\/3469","targetHints":{"allow":["GET"]}}],"collection":[{"href":"https:\/\/www.lagota.ch\/index.php?rest_route=\/wp\/v2\/posts"}],"about":[{"href":"https:\/\/www.lagota.ch\/index.php?rest_route=\/wp\/v2\/types\/post"}],"author":[{"embeddable":true,"href":"https:\/\/www.lagota.ch\/index.php?rest_route=\/wp\/v2\/users\/1"}],"replies":[{"embeddable":true,"href":"https:\/\/www.lagota.ch\/index.php?rest_route=%2Fwp%2Fv2%2Fcomments&post=3469"}],"version-history":[{"count":5,"href":"https:\/\/www.lagota.ch\/index.php?rest_route=\/wp\/v2\/posts\/3469\/revisions"}],"predecessor-version":[{"id":3476,"href":"https:\/\/www.lagota.ch\/index.php?rest_route=\/wp\/v2\/posts\/3469\/revisions\/3476"}],"wp:attachment":[{"href":"https:\/\/www.lagota.ch\/index.php?rest_route=%2Fwp%2Fv2%2Fmedia&parent=3469"}],"wp:term":[{"taxonomy":"category","embeddable":true,"href":"https:\/\/www.lagota.ch\/index.php?rest_route=%2Fwp%2Fv2%2Fcategories&post=3469"},{"taxonomy":"post_tag","embeddable":true,"href":"https:\/\/www.lagota.ch\/index.php?rest_route=%2Fwp%2Fv2%2Ftags&post=3469"}],"curies":[{"name":"wp","href":"https:\/\/api.w.org\/{rel}","templated":true}]}}