{"id":3488,"date":"2020-09-24T15:26:00","date_gmt":"2020-09-24T14:26:00","guid":{"rendered":"http:\/\/www.lagota.ch\/?p=3488"},"modified":"2020-09-25T14:48:07","modified_gmt":"2020-09-25T13:48:07","slug":"welcome-to-paradise-aktionstage-gegen-corona-schwurblerinnen","status":"publish","type":"post","link":"https:\/\/www.lagota.ch\/?p=3488","title":{"rendered":"Welcome to Paradise \u2013 Aktionstage gegen Corona-Schwurbler*innen"},"content":{"rendered":"\n<p><img loading=\"lazy\" decoding=\"async\" width=\"400\" height=\"224\" class=\"wp-image-3489\" style=\"width: 400px;\" src=\"https:\/\/www.lagota.ch\/wp-content\/uploads\/welcometoparadise.png\" alt=\"\" srcset=\"https:\/\/www.lagota.ch\/wp-content\/uploads\/welcometoparadise.png 710w, https:\/\/www.lagota.ch\/wp-content\/uploads\/welcometoparadise-300x168.png 300w\" sizes=\"auto, (max-width: 400px) 100vw, 400px\" \/><br><br>Konstanz ist eine verschlafene Touristenstadt am Bodensee mit direkter Grenze hin zur Schweiz. Hier wollen die Querdenker am Jahrestag der Wiedervereinigung eine Menschenkette um den Bodensee und eine gro\u00dfe Kundgebung mit (lt. Anmelder Gerry M.) 4500 Menschen abhalten. F\u00fcr die Menschenkette sind bis zu 180 000 Menschen geplant \u2013 l\u00e4cherlich. Der Konstanzer Stadtteil Paradis Grenzt an die Altstadt an und wir haben uns diesen Namen f\u00fcr unseren Gegenprotest zu nutze gemacht. Von paradisischen Zust\u00e4nden sind wir aber auch hier noch meilenweit entfernt. Die Coronapandemie zeigt wieder einmal mehr, wie fragil das kapitalistische, ausbeuterische System ist, in dem wir alle leben. Doch anstatt zusammen f\u00fcr eine solidarische Gesellschaft einzustehen geht es den Querdenkenden um verschwurbeltes Feindbild, welches gerne auch gemeinsam mit Faschist*innen, Antisemit*innen und Rechtsradikalen propagiert wird. Das werden wir hier in Konstanz nicht hinnehmen!<\/p>\n\n\n\n<p>Als am 29.08.2020 Verschw\u00f6rungsideolog*innen, Esoteriker*innen und Coronaleugner*innen von \u201cQuerdenken\u201d in Berlin offen mit Rechtsradikalen, Rassist*innen und Antisemit*innen aufmarschierten, und dabei versuchten, den Reichtstag zu st\u00fcrmen, zeigte sich das reaktion\u00e4re Potential dieser Bewegung. Auch f\u00fcr die Konstanzer \u201cQuerdenken\u201d-Bewegung hat der Schulterschluss mit Rechts bereits stattgefunden, was sich nicht nur an der Teilnahme der Demo in Berlin festmachen l\u00e4sst, sondern auch auf den geteilten Inhalten ihrer Seiten, welche unter anderem Artikel des rechtsradikalen Magazins COMPACT umfassen.<br>Nun mobilisiert \u201cQuerdenken\u201d mit einer sog. \u201cMenschenkette f\u00fcr den Frieden\u201d und einer angemeldeten Gro\u00dfdemonstration mit 4500 Teilnehmer*innen nach Konstanz. Auch bekannte Neonazis, wie zum Beispiel Ignaz Bearth, mobilisieren auf Facebook oder Telegramm nach Konstanz. Sie erhoffen sich dadurch weitere Aufmerksamkeit um mehr politische Relevanz zu erhaschen. In Anbetracht dessen, welche schwer reaktion\u00e4ren politischen Gruppen und offen Rechtsradikale auf diesen Veranstaltungen ungest\u00f6rt teilnehmen k\u00f6nnen, muss es auch in der Provinzstadt klare antifaschistische Intervention geben.<\/p>\n\n\n\n<p>Stellen wir uns ihnen in den Weg und zeigen ihnen, dass \u201cQuerdenken\u201d und ihre Anh\u00e4ngsel weder in Konstanz noch sonst wo erw\u00fcnscht sind: Machen wir ihren Besuch zum Desaster!<br>Weitere Informationen und Kontakt gibts auf welcometoparadise.noblogs.org.<\/p>\n","protected":false},"excerpt":{"rendered":"<p>Konstanz ist eine verschlafene Touristenstadt am Bodensee mit direkter Grenze hin zur Schweiz. Hier wollen die Querdenker am Jahrestag der Wiedervereinigung eine Menschenkette um den Bodensee und eine gro\u00dfe Kundgebung mit (lt. Anmelder Gerry M.) 4500 Menschen abhalten. F\u00fcr die &hellip; <a href=\"https:\/\/www.lagota.ch\/?p=3488\">Continue reading <span class=\"meta-nav\">&rarr;<\/span><\/a><\/p>\n","protected":false},"author":1,"featured_media":0,"comment_status":"closed","ping_status":"open","sticky":false,"template":"","format":"standard","meta":{"footnotes":""},"categories":[13,1214,4],"tags":[1208,1250,1215,1249],"class_list":["post-3488","post","type-post","status-publish","format-standard","hentry","category-antifa","category-corona","category-veranstaltung","tag-corona","tag-konstanz","tag-pandemie","tag-schwurbler"],"_links":{"self":[{"href":"https:\/\/www.lagota.ch\/index.php?rest_route=\/wp\/v2\/posts\/3488","targetHints":{"allow":["GET"]}}],"collection":[{"href":"https:\/\/www.lagota.ch\/index.php?rest_route=\/wp\/v2\/posts"}],"about":[{"href":"https:\/\/www.lagota.ch\/index.php?rest_route=\/wp\/v2\/types\/post"}],"author":[{"embeddable":true,"href":"https:\/\/www.lagota.ch\/index.php?rest_route=\/wp\/v2\/users\/1"}],"replies":[{"embeddable":true,"href":"https:\/\/www.lagota.ch\/index.php?rest_route=%2Fwp%2Fv2%2Fcomments&post=3488"}],"version-history":[{"count":1,"href":"https:\/\/www.lagota.ch\/index.php?rest_route=\/wp\/v2\/posts\/3488\/revisions"}],"predecessor-version":[{"id":3490,"href":"https:\/\/www.lagota.ch\/index.php?rest_route=\/wp\/v2\/posts\/3488\/revisions\/3490"}],"wp:attachment":[{"href":"https:\/\/www.lagota.ch\/index.php?rest_route=%2Fwp%2Fv2%2Fmedia&parent=3488"}],"wp:term":[{"taxonomy":"category","embeddable":true,"href":"https:\/\/www.lagota.ch\/index.php?rest_route=%2Fwp%2Fv2%2Fcategories&post=3488"},{"taxonomy":"post_tag","embeddable":true,"href":"https:\/\/www.lagota.ch\/index.php?rest_route=%2Fwp%2Fv2%2Ftags&post=3488"}],"curies":[{"name":"wp","href":"https:\/\/api.w.org\/{rel}","templated":true}]}}