{"id":3493,"date":"2020-09-23T16:13:44","date_gmt":"2020-09-23T15:13:44","guid":{"rendered":"http:\/\/www.lagota.ch\/?p=3493"},"modified":"2020-09-23T16:13:44","modified_gmt":"2020-09-23T15:13:44","slug":"stop-isolation-proteste-22-09","status":"publish","type":"post","link":"https:\/\/www.lagota.ch\/?p=3493","title":{"rendered":"Stop Isolation Proteste 22.09"},"content":{"rendered":"\n<p><em>Aus der Medienmitteilung von &#8220;Migrant Solidarity Network&#8221;:<\/em><br>\u201eIn diesem System kann kein Mensch leben \u2013 Wir k\u00f6nnen nur atmen!\u201c Das sagen die Personen mit einem negativen Asylentscheid, die zur Demo aufrufen. Sie verlassen erneut R\u00fcckkehrzentren, Notunterk\u00fcnfte und Bundesasylzentren in der gesamten Schweiz, um in der Hauptstadt w\u00e4hrend der Session des Bundesparlaments f\u00fcr Respekt, W\u00fcrde und Aufenthaltsbewilligungen f\u00fcr alle zu demonstrieren. In der Schweiz brauchen (gefl\u00fcchtete) Migrant*innen aus nichteurop\u00e4ischen Staaten dringend Gleichbehandlung mit Schweizer*innen und mit europ\u00e4ischen Migrant*innen. Die allt\u00e4gliche Gewalt im Asylsystem und die Zwangsabschiebungen sind diskriminierend und m\u00fcssen endlich enden.<\/p>\n\n\n\n<figure class=\"wp-block-image\"><img decoding=\"async\" src=\"https:\/\/publish.barrikade.info\/IMG\/jpg\/demobild-768x576.jpg\" alt=\"JPEG - 123\u00a0kB\"\/><\/figure>\n\n\n\n<p><em>Medienmittelung von &#8220;Migrant Solidarity Network nach der Demo&#8221;:<\/em><\/p>\n\n\n\n<p><strong>Demonstration gegen Isolation von Polizei blockiert<\/strong><\/p>\n\n\n\n<p>Heute demonstrieren gefl\u00fcchtete Migrant*innen mit negativen Asylentscheid in Bern gegen ihre Isolation durch das Asylsystem. Mehrere hundert \u2013 darunter auch zahlreiche Kinder und Menschen mit Behinderungen \u2013 sind aus Bern, Z\u00fcrich, Basel, Jura, Freiburg und anderen Kantonen angereist, um in der Hauptstadt Respekt, W\u00fcrde und Aufenthaltsbewilligungen f\u00fcr alle zu fordern. Als abgewiesene Asylsuchende leben alle in R\u00fcckkehrzentren. Als (gefl\u00fcchtete) Migrant*innen aus nichteurop\u00e4ischen Staaten brauchen dringend Gleichbehandlung mit Schweizer*innen und mit europ\u00e4ischen Migrant*innen. Die allt\u00e4gliche Gewalt im Asylsystem und die Zwangsabschiebungen sind diskriminierend und m\u00fcssen endlich enden.<\/p>\n\n\n\n<p><strong>Polizei blockiert Demo mit Tr\u00e4nengas, Wasserwerfer und Gummischrot<\/strong><br>Die geplante Route durch die Innenstadt zum Bundesplatz konnte nicht wie geplant gegangen werden. Direkt nach der Sch\u00fctzenmatte blockierte die Polizei die Strassen Richtung Innenstadt. Die Demo f\u00fchrte dann \u00fcber die Lorraine und \u00fcber Kirchenfeldbr\u00fccke, wo die Polizei Gewaltmittel einsetze. Mehrere Personen darunter auch Kinder leiden nun unter den Folgen. Einige mussten ins Spital gebracht werden. Beim Waisenhausplatz legten die Demonstrierenden eine Schweigeminute ein. Seit der Einf\u00fchrung des versch\u00e4rften Asylregimes haben sich mindestens zwei Personen das Leben genommen. In der \u00d6ffentlichkeit werden die Verstorbenen, wie Massoud, der sich kurz nach dem Negativentscheid umbrachte, todgeschwiegen.<br><strong><br>Es ist nicht die erste Demonstration von gefl\u00fcchteten diesen Sommer. Ihre Kritik und ihre Forderungen bleiben:<\/strong><\/p>\n\n\n\n<p>Aufenthaltsbewilligungen und eine Perspektive zum Leben<br>Keine Isolation und keine Gewalt in Asylcamps<br>Keine st\u00e4ndigen Bussen und Haftstrafen wegen \u201eillegalem Aufenthalt<br>Keine Abschiebungen<br>W\u00fcrde, Respekt und gleiche Rechte f\u00fcr alle<\/p>\n\n\n\n<figure class=\"wp-block-image\"><img decoding=\"async\" src=\"https:\/\/publish.barrikade.info\/IMG\/jpg\/eiinvwtwkaelmhg.jpg\" alt=\"JPEG - 362.6\u00a0kB\"\/><\/figure>\n\n\n\n<p><em>Bericht von einer an der Demo anwesenden Person:<\/em><br>Nachdem der Weg zum Bundesplatz beim Waisenhausplatz durch die Polizei gesperrt blieb, bewegte sich die Demo in Richtung Bollwerk. Auch dort war die Strasse in Richtung Bahnhof gesperrt. Als die Demo auf dieser Strasse stand, wurde sie von der Polizei mit Gummigeschossen und Wasserwerfer massiv angegriffen. Auch Kinder waren im Schussfeld der Polizei. Die Demo liess sich nicht vertreiben und blieb zusammen. Weiterhin war sie lautstark und bestimmt. Nach einer Weile kam vom Bundesplatz aus eine solidarische Demo, die auf der anderen Seite der Polizeisperre eine Sitzblockade starteten, auch sie wurden mit dem Wasserwerfer auf Kopfh\u00f6he angegriffen.<br>Pl\u00f6tzlich \u00e4nderte die unverst\u00e4ndliche Strategie der Polizei und sie zog sich zur\u00fcck, die Demo lief nun laut und stark zum Bundesplatz.<\/p>\n\n\n\n<figure class=\"wp-block-image\"><img decoding=\"async\" src=\"https:\/\/publish.barrikade.info\/IMG\/jpg\/wasser-768x576.jpg\" alt=\"JPEG - 76.1\u00a0kB\"\/><\/figure>\n\n\n\n<figure class=\"wp-block-image\"><img decoding=\"async\" src=\"https:\/\/publish.barrikade.info\/IMG\/jpg\/eih-lkfxsaiqzy2.jpg\" alt=\"JPEG - 84.6\u00a0kB\"\/><\/figure>\n\n\n\n<p>Heute verwendete die Polizei wieder die gef\u00e4hrlichen 40mm-Gummigeschosse<\/p>\n\n\n\n<p>Quelle: <a href=\"https:\/\/barrikade.info\/article\/3872\">https:\/\/barrikade.info\/article\/3872<\/a><\/p>\n","protected":false},"excerpt":{"rendered":"<p>Aus der Medienmitteilung von &#8220;Migrant Solidarity Network&#8221;:\u201eIn diesem System kann kein Mensch leben \u2013 Wir k\u00f6nnen nur atmen!\u201c Das sagen die Personen mit einem negativen Asylentscheid, die zur Demo aufrufen. Sie verlassen erneut R\u00fcckkehrzentren, Notunterk\u00fcnfte und Bundesasylzentren in der gesamten &hellip; <a href=\"https:\/\/www.lagota.ch\/?p=3493\">Continue reading <span class=\"meta-nav\">&rarr;<\/span><\/a><\/p>\n","protected":false},"author":1,"featured_media":0,"comment_status":"closed","ping_status":"open","sticky":false,"template":"","format":"standard","meta":{"footnotes":""},"categories":[328,49,18,4],"tags":[102,857,1252,66,1160,1251],"class_list":["post-3493","post","type-post","status-publish","format-standard","hentry","category-antira","category-antirep","category-squat-the-world","category-veranstaltung","tag-bern","tag-bundesasylzentrum","tag-bundesparlament","tag-demo","tag-migration","tag-stop-isolation"],"_links":{"self":[{"href":"https:\/\/www.lagota.ch\/index.php?rest_route=\/wp\/v2\/posts\/3493","targetHints":{"allow":["GET"]}}],"collection":[{"href":"https:\/\/www.lagota.ch\/index.php?rest_route=\/wp\/v2\/posts"}],"about":[{"href":"https:\/\/www.lagota.ch\/index.php?rest_route=\/wp\/v2\/types\/post"}],"author":[{"embeddable":true,"href":"https:\/\/www.lagota.ch\/index.php?rest_route=\/wp\/v2\/users\/1"}],"replies":[{"embeddable":true,"href":"https:\/\/www.lagota.ch\/index.php?rest_route=%2Fwp%2Fv2%2Fcomments&post=3493"}],"version-history":[{"count":1,"href":"https:\/\/www.lagota.ch\/index.php?rest_route=\/wp\/v2\/posts\/3493\/revisions"}],"predecessor-version":[{"id":3494,"href":"https:\/\/www.lagota.ch\/index.php?rest_route=\/wp\/v2\/posts\/3493\/revisions\/3494"}],"wp:attachment":[{"href":"https:\/\/www.lagota.ch\/index.php?rest_route=%2Fwp%2Fv2%2Fmedia&parent=3493"}],"wp:term":[{"taxonomy":"category","embeddable":true,"href":"https:\/\/www.lagota.ch\/index.php?rest_route=%2Fwp%2Fv2%2Fcategories&post=3493"},{"taxonomy":"post_tag","embeddable":true,"href":"https:\/\/www.lagota.ch\/index.php?rest_route=%2Fwp%2Fv2%2Ftags&post=3493"}],"curies":[{"name":"wp","href":"https:\/\/api.w.org\/{rel}","templated":true}]}}