{"id":3509,"date":"2020-10-06T09:44:57","date_gmt":"2020-10-06T08:44:57","guid":{"rendered":"http:\/\/www.lagota.ch\/?p=3509"},"modified":"2020-10-06T09:52:42","modified_gmt":"2020-10-06T08:52:42","slug":"demo-evakuieren-jetzt-wir-haben-platz-am-10-10-in-bern","status":"publish","type":"post","link":"https:\/\/www.lagota.ch\/?p=3509","title":{"rendered":"Demo &#8220;Evakuieren JETZT &#8211; wir haben Platz!&#8221; am 10.10. in Bern"},"content":{"rendered":"\n<p><img loading=\"lazy\" decoding=\"async\" class=\"wp-image-3510\" src=\"https:\/\/www.lagota.ch\/wp-content\/uploads\/evakuierenjetzt.jpg\" alt=\"\" width=\"400\" height=\"400\" srcset=\"https:\/\/www.lagota.ch\/wp-content\/uploads\/evakuierenjetzt.jpg 1035w, https:\/\/www.lagota.ch\/wp-content\/uploads\/evakuierenjetzt-300x300.jpg 300w, https:\/\/www.lagota.ch\/wp-content\/uploads\/evakuierenjetzt-1024x1024.jpg 1024w, https:\/\/www.lagota.ch\/wp-content\/uploads\/evakuierenjetzt-150x150.jpg 150w, https:\/\/www.lagota.ch\/wp-content\/uploads\/evakuierenjetzt-768x768.jpg 768w\" sizes=\"auto, (max-width: 400px) 100vw, 400px\" \/><br>Evakuieren JETZT &#8211; wir haben Platz!Am 10.10 um 14:30 gehen wir in Bern (Bundesplatz) auf die Strasse um ein Ende der menschenverachtende Situation an den EU-Aussengrenzen zu fordern! Das Gefl\u00fcchtetenlager Moria ist niedergebrannt. 13\u2019000 Menschen haben erneut alles verloren. Doch selbst nach dem Brand wurden die Menschen nicht evakuiert. Stattdessen mussten die Gefl\u00fcchteten \u00fcber Tage auf der Strasse ausharren. Ohne Nahrung. Ohne Wasser. Schliesslich wurden die Menschen unter Einsatz von Tr\u00e4nengas in ein neues Internierungslager gedr\u00e4ngt. Die Zust\u00e4nde dort sind katastrophal. Das Menschen so behandelt werden d\u00fcrfen wir nicht zulassen! Niemals! Nie wieder! Wir gehen am 10. Oktober 2020 um 14:30 Uhr in Bern auf die Strasse (Bundesplatz) und fordern den Bundesrat auf, jetzt Gefl\u00fcchtete aufzunehmen. Wir forden eine menschenw\u00fcrdige Migrationspolitik. Wir haben mehr als genug Platz &#8211; wir haben die Ressourcen &#8211; und wir haben die Verantwortung jetzt zu handeln! 10.10 &#8211; 14:30 &#8211; Bern! Weitersagen! <a href=\"https:\/\/www.facebook.com\/hashtag\/evakuierenjetzt?__eep__=6&amp;__cft__[0]=AZXCEyMDey4crLPErUv116t3uurFE3M09WCrQJSOd_wtf0jaiYAtlml0bMvXFxx1leEvN5A95Belguyk3PAwvGFNhX1rSF3rKrqA_-ruojFeBMW1fBP3FnI6FGL0a2KjjEeY_Jq-13ilmbYbBInBDAFsO9SIwL1_U7-czD_jtl4ENrI53nBRBO1xVL9DAlgUgkA&amp;__tn__=*NK-R\">#evakuierenjetzt<\/a><a href=\"https:\/\/www.facebook.com\/hashtag\/wirhabenplatz?__eep__=6&amp;__cft__[0]=AZXCEyMDey4crLPErUv116t3uurFE3M09WCrQJSOd_wtf0jaiYAtlml0bMvXFxx1leEvN5A95Belguyk3PAwvGFNhX1rSF3rKrqA_-ruojFeBMW1fBP3FnI6FGL0a2KjjEeY_Jq-13ilmbYbBInBDAFsO9SIwL1_U7-czD_jtl4ENrI53nBRBO1xVL9DAlgUgkA&amp;__tn__=*NK-R\">#wirhabenplatz<\/a><a href=\"https:\/\/www.facebook.com\/hashtag\/evacuermaintenant?__eep__=6&amp;__cft__[0]=AZXCEyMDey4crLPErUv116t3uurFE3M09WCrQJSOd_wtf0jaiYAtlml0bMvXFxx1leEvN5A95Belguyk3PAwvGFNhX1rSF3rKrqA_-ruojFeBMW1fBP3FnI6FGL0a2KjjEeY_Jq-13ilmbYbBInBDAFsO9SIwL1_U7-czD_jtl4ENrI53nBRBO1xVL9DAlgUgkA&amp;__tn__=*NK-R\">#evacuermaintenant<\/a><a href=\"https:\/\/www.facebook.com\/hashtag\/nousavonsdelaplace?__eep__=6&amp;__cft__[0]=AZXCEyMDey4crLPErUv116t3uurFE3M09WCrQJSOd_wtf0jaiYAtlml0bMvXFxx1leEvN5A95Belguyk3PAwvGFNhX1rSF3rKrqA_-ruojFeBMW1fBP3FnI6FGL0a2KjjEeY_Jq-13ilmbYbBInBDAFsO9SIwL1_U7-czD_jtl4ENrI53nBRBO1xVL9DAlgUgkA&amp;__tn__=*NK-R\">#nousavonsdelaplace<\/a><a href=\"https:\/\/www.facebook.com\/hashtag\/evacuareora?__eep__=6&amp;__cft__[0]=AZXCEyMDey4crLPErUv116t3uurFE3M09WCrQJSOd_wtf0jaiYAtlml0bMvXFxx1leEvN5A95Belguyk3PAwvGFNhX1rSF3rKrqA_-ruojFeBMW1fBP3FnI6FGL0a2KjjEeY_Jq-13ilmbYbBInBDAFsO9SIwL1_U7-czD_jtl4ENrI53nBRBO1xVL9DAlgUgkA&amp;__tn__=*NK-R\">#evacuareora<\/a><a href=\"https:\/\/www.facebook.com\/hashtag\/abbiamoposto?__eep__=6&amp;__cft__[0]=AZXCEyMDey4crLPErUv116t3uurFE3M09WCrQJSOd_wtf0jaiYAtlml0bMvXFxx1leEvN5A95Belguyk3PAwvGFNhX1rSF3rKrqA_-ruojFeBMW1fBP3FnI6FGL0a2KjjEeY_Jq-13ilmbYbBInBDAFsO9SIwL1_U7-czD_jtl4ENrI53nBRBO1xVL9DAlgUgkA&amp;__tn__=*NK-R\">#abbiamoposto<\/a><a href=\"https:\/\/www.facebook.com\/hashtag\/evacuatemorianow?__eep__=6&amp;__cft__[0]=AZXCEyMDey4crLPErUv116t3uurFE3M09WCrQJSOd_wtf0jaiYAtlml0bMvXFxx1leEvN5A95Belguyk3PAwvGFNhX1rSF3rKrqA_-ruojFeBMW1fBP3FnI6FGL0a2KjjEeY_Jq-13ilmbYbBInBDAFsO9SIwL1_U7-czD_jtl4ENrI53nBRBO1xVL9DAlgUgkA&amp;__tn__=*NK-R\">#evacuatemorianow<\/a><a href=\"https:\/\/www.facebook.com\/hashtag\/leavenoonebehind?__eep__=6&amp;__cft__[0]=AZXCEyMDey4crLPErUv116t3uurFE3M09WCrQJSOd_wtf0jaiYAtlml0bMvXFxx1leEvN5A95Belguyk3PAwvGFNhX1rSF3rKrqA_-ruojFeBMW1fBP3FnI6FGL0a2KjjEeY_Jq-13ilmbYbBInBDAFsO9SIwL1_U7-czD_jtl4ENrI53nBRBO1xVL9DAlgUgkA&amp;__tn__=*NK-R\">#leavenoonebehind<\/a><a href=\"https:\/\/www.facebook.com\/hashtag\/wehavespace?__eep__=6&amp;__cft__[0]=AZXCEyMDey4crLPErUv116t3uurFE3M09WCrQJSOd_wtf0jaiYAtlml0bMvXFxx1leEvN5A95Belguyk3PAwvGFNhX1rSF3rKrqA_-ruojFeBMW1fBP3FnI6FGL0a2KjjEeY_Jq-13ilmbYbBInBDAFsO9SIwL1_U7-czD_jtl4ENrI53nBRBO1xVL9DAlgUgkA&amp;__tn__=*NK-R\">#wehavespace<\/a><a href=\"https:\/\/www.facebook.com\/hashtag\/europemustact?__eep__=6&amp;__cft__[0]=AZXCEyMDey4crLPErUv116t3uurFE3M09WCrQJSOd_wtf0jaiYAtlml0bMvXFxx1leEvN5A95Belguyk3PAwvGFNhX1rSF3rKrqA_-ruojFeBMW1fBP3FnI6FGL0a2KjjEeY_Jq-13ilmbYbBInBDAFsO9SIwL1_U7-czD_jtl4ENrI53nBRBO1xVL9DAlgUgkA&amp;__tn__=*NK-R\">#europemustact<\/a><a href=\"https:\/\/www.facebook.com\/hashtag\/moria?__eep__=6&amp;__cft__[0]=AZXCEyMDey4crLPErUv116t3uurFE3M09WCrQJSOd_wtf0jaiYAtlml0bMvXFxx1leEvN5A95Belguyk3PAwvGFNhX1rSF3rKrqA_-ruojFeBMW1fBP3FnI6FGL0a2KjjEeY_Jq-13ilmbYbBInBDAFsO9SIwL1_U7-czD_jtl4ENrI53nBRBO1xVL9DAlgUgkA&amp;__tn__=*NK-R\">#moria<\/a><a href=\"https:\/\/www.facebook.com\/hashtag\/lesvos?__eep__=6&amp;__cft__[0]=AZXCEyMDey4crLPErUv116t3uurFE3M09WCrQJSOd_wtf0jaiYAtlml0bMvXFxx1leEvN5A95Belguyk3PAwvGFNhX1rSF3rKrqA_-ruojFeBMW1fBP3FnI6FGL0a2KjjEeY_Jq-13ilmbYbBInBDAFsO9SIwL1_U7-czD_jtl4ENrI53nBRBO1xVL9DAlgUgkA&amp;__tn__=*NK-R\">#lesvos<\/a> @autonome_schule_zh @amnesty_switzerland @bearobin @europemustact @evakuierenjetzt @ohfcommunitycenter @rota_migrant @solidarite.sans.frontieres<\/p>\n","protected":false},"excerpt":{"rendered":"<p>Evakuieren JETZT &#8211; wir haben Platz!Am 10.10 um 14:30 gehen wir in Bern (Bundesplatz) auf die Strasse um ein Ende der menschenverachtende Situation an den EU-Aussengrenzen zu fordern! Das Gefl\u00fcchtetenlager Moria ist niedergebrannt. 13\u2019000 Menschen haben erneut alles verloren. Doch &hellip; <a href=\"https:\/\/www.lagota.ch\/?p=3509\">Continue reading <span class=\"meta-nav\">&rarr;<\/span><\/a><\/p>\n","protected":false},"author":1,"featured_media":0,"comment_status":"closed","ping_status":"open","sticky":false,"template":"","format":"standard","meta":{"footnotes":""},"categories":[13,328,10,406,4],"tags":[102,66,1256,1245],"class_list":["post-3509","post","type-post","status-publish","format-standard","hentry","category-antifa","category-antira","category-aus-aller-welt","category-migration","category-veranstaltung","tag-bern","tag-demo","tag-migrationspolitik","tag-moria"],"_links":{"self":[{"href":"https:\/\/www.lagota.ch\/index.php?rest_route=\/wp\/v2\/posts\/3509","targetHints":{"allow":["GET"]}}],"collection":[{"href":"https:\/\/www.lagota.ch\/index.php?rest_route=\/wp\/v2\/posts"}],"about":[{"href":"https:\/\/www.lagota.ch\/index.php?rest_route=\/wp\/v2\/types\/post"}],"author":[{"embeddable":true,"href":"https:\/\/www.lagota.ch\/index.php?rest_route=\/wp\/v2\/users\/1"}],"replies":[{"embeddable":true,"href":"https:\/\/www.lagota.ch\/index.php?rest_route=%2Fwp%2Fv2%2Fcomments&post=3509"}],"version-history":[{"count":5,"href":"https:\/\/www.lagota.ch\/index.php?rest_route=\/wp\/v2\/posts\/3509\/revisions"}],"predecessor-version":[{"id":3516,"href":"https:\/\/www.lagota.ch\/index.php?rest_route=\/wp\/v2\/posts\/3509\/revisions\/3516"}],"wp:attachment":[{"href":"https:\/\/www.lagota.ch\/index.php?rest_route=%2Fwp%2Fv2%2Fmedia&parent=3509"}],"wp:term":[{"taxonomy":"category","embeddable":true,"href":"https:\/\/www.lagota.ch\/index.php?rest_route=%2Fwp%2Fv2%2Fcategories&post=3509"},{"taxonomy":"post_tag","embeddable":true,"href":"https:\/\/www.lagota.ch\/index.php?rest_route=%2Fwp%2Fv2%2Ftags&post=3509"}],"curies":[{"name":"wp","href":"https:\/\/api.w.org\/{rel}","templated":true}]}}