{"id":3529,"date":"2020-11-27T13:09:00","date_gmt":"2020-11-27T12:09:00","guid":{"rendered":"http:\/\/www.lagota.ch\/?p=3529"},"modified":"2020-11-27T17:32:37","modified_gmt":"2020-11-27T16:32:37","slug":"demo-basel-nazifrei-am-28-11-20","status":"publish","type":"post","link":"https:\/\/www.lagota.ch\/?p=3529","title":{"rendered":"Demo &#8220;Basel nazifrei&#8221; am 28.11.20"},"content":{"rendered":"\n<p><strong>Wir rufen auf zu einer antifaschistischen Demonstration!<\/strong><\/p>\n\n\n\n<p><img decoding=\"async\" class=\"wp-image-3530\" src=\"https:\/\/www.lagota.ch\/wp-content\/uploads\/baselnazifrei3.jpg\" alt=\"\" =\"\"=\"\" height=\" 400\" srcset=\"https:\/\/www.lagota.ch\/wp-content\/uploads\/baselnazifrei3.jpg 1748w, https:\/\/www.lagota.ch\/wp-content\/uploads\/baselnazifrei3-211x300.jpg 211w, https:\/\/www.lagota.ch\/wp-content\/uploads\/baselnazifrei3-722x1024.jpg 722w, https:\/\/www.lagota.ch\/wp-content\/uploads\/baselnazifrei3-768x1090.jpg 768w, https:\/\/www.lagota.ch\/wp-content\/uploads\/baselnazifrei3-1083x1536.jpg 1083w, https:\/\/www.lagota.ch\/wp-content\/uploads\/baselnazifrei3-1444x2048.jpg 1444w\" sizes=\"(max-width: 1748px) 100vw, 1748px\" \/><br>Genau zwei Jahre ist es her, dass die Neonazis von der PNOS aus Basel verjagt wurden \u2013 durch eine riesige Gegendemonstration mit rund 2\u2018000 Menschen. Ein solcher antifaschistischer Erfolg ist umso wichtiger, als \u00fcberall in Europa rechtsextreme Ideen, Bewegungen und Parteien an St\u00e4rke gewinnen.<br>Im Nachgang der Basel Nazifrei Demo rollte eine riesige Repressionswelle an: \u00fcber 60 Strafverfahren wurden er\u00f6ffnet und etliche Hausdurchsuchungen durchgef\u00fchrt. Seit Juli 2020 laufen die Prozesse und Demonstrierende wurden \u2013 teilweise aufgrund der schlichten Anwesenheit an der Demo \u2013 zu mehrmonatige Gef\u00e4ngnisstrafen verurteilt.<\/p>\n\n\n\n<p>Solidarische Strukturen aufbauen!<br><br>Wir denken, eine ausserparlamentarische antifaschistische Bewegung wird immer wichtiger: Europ\u00e4ischen Staaten setzen angesichts der globalen Krise auf h\u00f6here Mauern und rassistische Lager. Die Schweiz gilt als Drehscheibe f\u00fcr die Vernetzung und Finanzierung der europ\u00e4ischen Neonaziszene. Der Schweizer Staat versch\u00e4rft die Migrationspolitik, sperrt Menschen alleine wegen deren Aufenthaltsstatus monatelang in Gef\u00e4ngnisse und finanziert Frontex mit. Es gilt Widerstand zu organisieren, antifaschistische Strukturen zu st\u00e4rken und einen Schritt nach vorne zu machen. Laut und k\u00e4mpferisch, stehen wir f\u00fcr eine solidarische Welt ein!<\/p>\n\n\n\n<p>Wir lassen uns nicht einsch\u00fcchtern!<br><br>Wir sehen die laufenden Prozesse als massiven politischen Angriff, als autorit\u00e4ren Einsch\u00fcchterungsversuch. Dagegen m\u00fcssen wir uns jetzt wehren \u2013 und zwar alle gemeinsam! Es gilt zu verhindern, dass sich neue Repressions-Standards durchsetzen und damit Protest auf der Strasse erschwert wird. Lassen wir die Kriminalisierung von sozialen Bewegungen nicht zu! Zeigen wir gemeinsam, dass diese Einsch\u00fcchterung nicht funktioniert!<\/p>\n\n\n\n<p>Kommt alle auf die Strasse \u2013 setzen wir ein starkes Zeichen gegen Faschismus und Repression!<\/p>\n\n\n\n<p>28. November 2020 \/ 16:00 Uhr<br>Theaterplatz Basel<br><br>Quelle: <a href=\"https:\/\/barrikade.info\/article\/3918\">https:\/\/barrikade.info\/article\/3918<\/a><\/p>\n","protected":false},"excerpt":{"rendered":"<p>Wir rufen auf zu einer antifaschistischen Demonstration! Genau zwei Jahre ist es her, dass die Neonazis von der PNOS aus Basel verjagt wurden \u2013 durch eine riesige Gegendemonstration mit rund 2\u2018000 Menschen. Ein solcher antifaschistischer Erfolg ist umso wichtiger, als &hellip; <a href=\"https:\/\/www.lagota.ch\/?p=3529\">Continue reading <span class=\"meta-nav\">&rarr;<\/span><\/a><\/p>\n","protected":false},"author":1,"featured_media":0,"comment_status":"closed","ping_status":"open","sticky":false,"template":"","format":"standard","meta":{"footnotes":""},"categories":[13,328,16,4],"tags":[67,932,1261,627,58,27],"class_list":["post-3529","post","type-post","status-publish","format-standard","hentry","category-antifa","category-antira","category-schweiz","category-veranstaltung","tag-basel","tag-faschismus","tag-justiz","tag-nazifrei","tag-prozess","tag-repression"],"_links":{"self":[{"href":"https:\/\/www.lagota.ch\/index.php?rest_route=\/wp\/v2\/posts\/3529","targetHints":{"allow":["GET"]}}],"collection":[{"href":"https:\/\/www.lagota.ch\/index.php?rest_route=\/wp\/v2\/posts"}],"about":[{"href":"https:\/\/www.lagota.ch\/index.php?rest_route=\/wp\/v2\/types\/post"}],"author":[{"embeddable":true,"href":"https:\/\/www.lagota.ch\/index.php?rest_route=\/wp\/v2\/users\/1"}],"replies":[{"embeddable":true,"href":"https:\/\/www.lagota.ch\/index.php?rest_route=%2Fwp%2Fv2%2Fcomments&post=3529"}],"version-history":[{"count":4,"href":"https:\/\/www.lagota.ch\/index.php?rest_route=\/wp\/v2\/posts\/3529\/revisions"}],"predecessor-version":[{"id":3535,"href":"https:\/\/www.lagota.ch\/index.php?rest_route=\/wp\/v2\/posts\/3529\/revisions\/3535"}],"wp:attachment":[{"href":"https:\/\/www.lagota.ch\/index.php?rest_route=%2Fwp%2Fv2%2Fmedia&parent=3529"}],"wp:term":[{"taxonomy":"category","embeddable":true,"href":"https:\/\/www.lagota.ch\/index.php?rest_route=%2Fwp%2Fv2%2Fcategories&post=3529"},{"taxonomy":"post_tag","embeddable":true,"href":"https:\/\/www.lagota.ch\/index.php?rest_route=%2Fwp%2Fv2%2Ftags&post=3529"}],"curies":[{"name":"wp","href":"https:\/\/api.w.org\/{rel}","templated":true}]}}