{"id":3540,"date":"2020-11-18T09:50:53","date_gmt":"2020-11-18T08:50:53","guid":{"rendered":"http:\/\/www.lagota.ch\/?p=3540"},"modified":"2020-11-18T09:54:13","modified_gmt":"2020-11-18T08:54:13","slug":"rechtsextreme-kraftmeierei-mitten-in-der-stadt-luzern","status":"publish","type":"post","link":"https:\/\/www.lagota.ch\/?p=3540","title":{"rendered":"Rechtsextreme Kraftmeierei mitten in der Stadt Luzern"},"content":{"rendered":"\n<p><br><img decoding=\"async\" class=\"wp-image-3524\" style=\"width: 300px; height: 200px\" src=\"https:\/\/www.lagota.ch\/wp-content\/uploads\/jungetat.jpg\" alt=\"\"><br>Auf Telegram ist ein Video der rechtsextremen Gruppierung Junge Tat aufgetaucht. Es zeigt maskierte M\u00e4nner beim Sport, beim Hissen von Plakaten und wie sie mit rechter Literatur posieren. Viele der Bilder wurden in der Stadt Luzern gedreht.<\/p>\n\n\n\n<p>Das Video wurde auf Telegram \u00fcber 13&#8217;000 Mal angesehen. Es zeigt junge M\u00e4nner beim Sport, beim Wandern und beim gemeinsamen Lagerfeuer. Was auf den ersten Blick aussieht wie ein Bubensportlager, ist in Wahrheit ein Videoaufruf f\u00fcr die rechtsextreme Gruppierung \u00abJunge Tat\u00bb.<\/p>\n\n\n\n<p>Die jungen M\u00e4nner, die ihr Gesicht nicht zeigen wollten, posieren auf der Luzerner Allmend. <\/p>\n\n\n\n<p>Das Video zeigt die Mitglieder ausserdem beim Lesen v\u00f6lkischer Literatur und beim Anbringen von Plakaten auf H\u00e4userw\u00e4nden. Viele der Bilder scheinen in und um die Stadt Luzern aufgenommen worden zu sein, so etwa auf der Allmend und im Gebiet \u00abNordpol-Reussb\u00fchl\u00bb. Untermalt wird das Video von Musik des rechten Rappers Komplott.<\/p>\n\n\n\n<h2 class=\"wp-block-heading\">Ansage an Journalisten<\/h2>\n\n\n\n<p>Nachdem \u00ab20 Minuten\u00bb \u00fcber das Video berichtete und den Szene-Kenner und Journalisten Hans Stutz dazu befragte, wurde in der Telegram-Gruppe der Jungen Tat eine Botschaft an den Journalisten geteilt:<\/p>\n\n\n\n<p>Lieber Hans Stutz, Du bekommst in Zukunft bestimmt noch einige Gelegenheiten dich zu unserem \u2039aktivistischen\u203a Fl\u00fcgel zu \u00e4ussern.<\/p>\n\n\n\n<h2 class=\"wp-block-heading\">Linke Jugend Luzern: \u00abJunge Tat not welcome\u00bb<\/h2>\n\n\n\n<p>Derweil wurde aus dem linken Lager Widerstand gegen die Junge Tat angek\u00fcndigt. Auf Instagram postete die \u00abLinke Jugend Luzern S\u00fcd\u00bb ein Foto mit einem aufgeh\u00e4ngten Transparent:https:\/\/www.instagram.com\/p\/CHlG_vvly7L\/embed\/?cr=1&amp;v=13&amp;wp=822&amp;rd=https%3A%2F%2Fwww.pilatustoday.ch&amp;rp=%2Fzentralschweiz%2Fluzern%2Frechtsextreme-kraftmeierei-mitten-in-der-stadt-luzern-139909949#%7B%22ci%22%3A0%2C%22os%22%3A2681%7D<\/p>\n\n\n\n<h3 class=\"wp-block-heading\">Empfohlene Artikel<\/h3>\n\n\n\n<p><\/p>\n","protected":false},"excerpt":{"rendered":"<p>Auf Telegram ist ein Video der rechtsextremen Gruppierung Junge Tat aufgetaucht. Es zeigt maskierte M\u00e4nner beim Sport, beim Hissen von Plakaten und wie sie mit rechter Literatur posieren. Viele der Bilder wurden in der Stadt Luzern gedreht. Das Video wurde &hellip; <a href=\"https:\/\/www.lagota.ch\/?p=3540\">Continue reading <span class=\"meta-nav\">&rarr;<\/span><\/a><\/p>\n","protected":false},"author":1,"featured_media":0,"comment_status":"closed","ping_status":"open","sticky":false,"template":"","format":"standard","meta":{"footnotes":""},"categories":[13,328,11],"tags":[1263,1148,173,1264],"class_list":["post-3540","post","type-post","status-publish","format-standard","hentry","category-antifa","category-antira","category-luzern","tag-junge-tat","tag-luzern","tag-neonazis","tag-telegram"],"_links":{"self":[{"href":"https:\/\/www.lagota.ch\/index.php?rest_route=\/wp\/v2\/posts\/3540","targetHints":{"allow":["GET"]}}],"collection":[{"href":"https:\/\/www.lagota.ch\/index.php?rest_route=\/wp\/v2\/posts"}],"about":[{"href":"https:\/\/www.lagota.ch\/index.php?rest_route=\/wp\/v2\/types\/post"}],"author":[{"embeddable":true,"href":"https:\/\/www.lagota.ch\/index.php?rest_route=\/wp\/v2\/users\/1"}],"replies":[{"embeddable":true,"href":"https:\/\/www.lagota.ch\/index.php?rest_route=%2Fwp%2Fv2%2Fcomments&post=3540"}],"version-history":[{"count":3,"href":"https:\/\/www.lagota.ch\/index.php?rest_route=\/wp\/v2\/posts\/3540\/revisions"}],"predecessor-version":[{"id":3544,"href":"https:\/\/www.lagota.ch\/index.php?rest_route=\/wp\/v2\/posts\/3540\/revisions\/3544"}],"wp:attachment":[{"href":"https:\/\/www.lagota.ch\/index.php?rest_route=%2Fwp%2Fv2%2Fmedia&parent=3540"}],"wp:term":[{"taxonomy":"category","embeddable":true,"href":"https:\/\/www.lagota.ch\/index.php?rest_route=%2Fwp%2Fv2%2Fcategories&post=3540"},{"taxonomy":"post_tag","embeddable":true,"href":"https:\/\/www.lagota.ch\/index.php?rest_route=%2Fwp%2Fv2%2Ftags&post=3540"}],"curies":[{"name":"wp","href":"https:\/\/api.w.org\/{rel}","templated":true}]}}