{"id":3546,"date":"2020-11-25T08:24:19","date_gmt":"2020-11-25T07:24:19","guid":{"rendered":"http:\/\/www.lagota.ch\/?p=3546"},"modified":"2020-11-25T08:24:19","modified_gmt":"2020-11-25T07:24:19","slug":"schweizer-jungnazis-njs-eisenjugend-verpufft-neuversuch-junge-tat","status":"publish","type":"post","link":"https:\/\/www.lagota.ch\/?p=3546","title":{"rendered":"Schweizer Jungnazis: NJS &#038; Eisenjugend verpufft, Neuversuch &#8220;Junge Tat&#8221;"},"content":{"rendered":"<p><strong>Auf digitalen Kan\u00e4len macht seit Anfang November 2020 eine neue Deutschschweizer Nazigruppe auf sich aufmerksam. Sie nennt sich &#8220;Junge Tat&#8221;, besteht aus rund 10 \u00fcberwiegend sehr jungen M\u00e4nnern, und ist Teil der sogenannten Nationalen Aktionsfront (NAF). Im Wesentlichen ist &#8220;Junge Tat&#8221; aber bloss eine adaptierte Fortsetzung der gescheiterten Gruppen &#8220;Nationalistische Jugend Schweiz&#8221; (NJS) und &#8220;Eisenjugend Schweiz&#8221; (EJ).<\/strong><\/p>\n<p><strong>Weissegr\u00fcne Sturmmasken, Kampfsport, Survival-Trainings, Wandern, rechter Deutschrap &#8211; mit solchen Dingen will die neue Nazigruppe &#8220;Junge Tat &#8211; NAF&#8221; junge rechte M\u00e4nner anlocken. Neu ist dabei aber l\u00e4ngst nicht alles.<\/strong><\/p>\n<p><strong>Hier geht es direkt zu einigen Mitgliedern und Sympathisant*innen der Jungen Tat.<\/strong><\/p>\n<p>PDF &#8211; 5.1 MB<\/p>\n<p><strong>Nationale Aktionsfront (NAF)<\/strong><\/p>\n<p>Die NAF (Nationale Aktionsfront), mit der die &#8220;Junge Tat&#8221; assoziiert ist, ist ein seit 2014 bestehendes Schweizer Nazi-Netzwerk um den ca. 40j\u00e4hrigen Marc Seiler. Dieser ist wegen verschiedener Gewaltdelikte vorbestraft und Mitglied der rechtsterroristischen, internationalen &#8220;Bruderschaft&#8221; Blood &amp; Honour. Selbsterkl\u00e4rtes Ziel der NAF war (und ist) es, die verschiedenen teils zerstrittenen Nazigr\u00fcppchen und \u00dcberbleibsel aus &#8220;besseren&#8221; Zeiten zu sammeln und wieder aktionsf\u00e4hig zu machen. Nur war die Erfolgsbilanz bisher sehr d\u00fcrftig. Umso gr\u00f6sser musste die Freude bei NAF-Chef Marc Seiler gewesen sein, als Anfang 2020 im Raum Winterthur eine &#8220;Nationalistische Jugend Schweiz&#8221; (NJS) sowie eine &#8220;Eisenjugend Schweiz&#8221; (EJ) ihre ersten Auftritte wagten.<\/p>\n<p><strong>Eisenjugend und Nationalistische Jugend<\/strong><\/p>\n<p>Seiler, der etwa doppelt so alt war wie die NJS\/EJ-Buben, suchte sofort den Kontakt. Und sie zu ihm. Eine Beziehung begann. Bald war offensichtlich, dass EJ und NJS ein und derselbe Haufen war, wobei die EJ weitgehend als ein Ego-Projekt des ZHDK-Studenten und NJSlers Manuel Corchia (Jg. 2000) zu betrachten ist. Jedenfalls war alles ein gar kurzer Spuk. Denn kaum waren die Jungnazis der NJS\/EJ mit grossen Parolen, pubert\u00e4rem Rumgemackere, aber auch ein paar Sachbesch\u00e4digungen und Transpi-Klau-Aktionen an die \u00d6ffentlichkeit getreten, gerieten sie in m\u00fchsame Schwierigkeiten.<\/p>\n<p><strong>Antifaschistische Gegenwehr<\/strong><\/p>\n<p>Antifaschist*innen hatten die NJS\/EJler n\u00e4mlich sofort aus der Deckung geholt, Identit\u00e4ten ver\u00f6ffentlicht, sie zu Hause (fast alle noch bei ihren Eltern wohnhaft) und im Job besucht. Der Nazi Oliver Rothacher (Jg. 1995) verlor so seine Stelle, sein Kamerad Manuel Corchia flog so ein bisschen von der Z\u00fcrcher Hochschule der K\u00fcnste (die ZHDK-Leitung will den Nazi zwar nicht ganz spicken, verbietet ihm aber bis auf Weiteres den Zutritt aufs Schulgel\u00e4nde), etc. pp. Kurzum: Man hatte den Nazis deutlich zu verstehen gegeben: Sofort einpacken und ab nach Hause! Das hat gewirkt. Zumal die wackeren Burschen auch mit dem ganzen Medienrummel schnell nicht mehr klarkamen. Dabei hatten sie die News \u00fcber sie anf\u00e4nglich durchwegs als Werbeeffekt begr\u00fcsst.<\/p>\n<p><strong>Terrortr\u00e4ume und Razzien<\/strong><\/p>\n<p>Einen Hehl aus ihrer Gesinnung und ihren Tr\u00e4umen machten die NJSler nie. Selbstdarstellung war ihr ein und alles. Und so verbreiteten sie \u00fcber ihre relativ offenen Kan\u00e4le nicht nur Muskel-Selfies und Mob-Fotos, sondern auch klassische nationalsozialistische Propaganda und terroristische Manifeste wie jenes des Christchurch-Attent\u00e4ters. Sie taten dies so unverhohlen, dass irgendwann sogar der Staat befand, nun einmal zum Rechten schauen zu m\u00fcssen. Und so sahen sich verschiedene Polizeien sowie der Nachrichtendienst gezwungen, etwas zu tun. Es folgten einige Vorladungen, zwei Hausdurchsuchungen in Winterthur und eine im Kanton Schwyz. Bei ersterer wurden drei Sturmgewehre und drei Pistolen von Manuel Corchia und dessen Nachbarn Matthias Cremonesi (Jg. 2001, wie Corchia ist er Mitglied der Winterthurer Stadtsch\u00fctzen) beschlagnahmt, bei zweiterer im Kanton Schwyz Munition. Zu Verhaftungen oder Anklagen ist es aber offenbar nicht gekommen.<\/p>\n<p><strong>Scheitern und Neuversuch<\/strong><\/p>\n<p>Dennoch war den meisten NJSlern nach ein paar Monaten bereits wieder die Lust vergangen. Sie zogen sich zur\u00fcck, verzichteten komplett auf \u00f6ffentliche Aktionen, verpfiffen sich gegenseitig, zeigten sich teilweise reuig und mehrere Mitglieder beteuerten, die NJS sei aufgel\u00f6st, weil alles ausser Kontrolle geraten und ihnen alles schlicht zu viel geworden sei. Andere behaupteten, aus der Szene &#8220;ausgestiegen&#8221; zu sein.<br \/>Nun aber zeigt sich, dass es einige ehemalige NJSler nach einer Verschnaufpause erneut wissen wollen. Sie haben die noch vor Kurzem so stolz pr\u00e4sentierten rot-weissen Fahnen und rot-weiss-roten Sturmhauben der NJS durch gr\u00fcn-weisse eingetauscht. Und sich in &#8220;Junge Tat&#8221; umbenennt. Alter Wein in neuen Schl\u00e4uchen also.<br \/>Tats\u00e4chlich neu ist allerdings, dass die Junge Tat fester als die NJS an das alte Nazi-Milieu der Schweiz angebunden ist. Dies gelingt insbesondere durch die organisatorische Bande mit der NAF um Marc Seiler, der insbesondere Manuel Corchia heftig umworben hatte, nachdem dieser geoutet und in der Presse geladnet war. Aber die Anbindung gelingt auch durch Doppelmitgliedschaften aus der Ausserschwyzer &#8220;Kameradschaft Heimattreu&#8221; (v.A. durch Unteroffizier Andy Schnellmann und Simon Inderbitzin, beide ca. 30j\u00e4hrig und beide aus Siebnen SZ). Via Seiler, Schnellmann und Inderbitzin besteht f\u00fcr die MItglieder der Jungen Tat somit eine direkte Verbindung zu den alten und internationalen Strukturen von Blood &amp; Honour.<\/p>\n<p><strong>Deutsche Kontakte<\/strong><\/p>\n<p>Bereits von Verbindungen zu Nazistrukturen in Deutschland profitiert haben besonders der Winterthurer Manuel Corchia sowie Oliver Rothacher aus Tagelswangen ZH. Etwa um dort kurzzeitig unterzutauchen, (Rothacher nach seinem Outing), oder schlicht um sich vom Land ihrer Sehnsucht inspirieren und mit Propagandamaterial ausstaffieren zu lassen. Corchia etwa hat enge Kontakte mit dem Zwickauer Nazi-Influencer Sanny Kujath (Jg. 2002, Ex-Mitglied von Dritter Weg) und seiner &#8220;Jungen Revolution&#8221;, einer neuen Struktur zur Rekrutierung von Jugendlichen und f\u00fcr deren Anbindung an die jeweils passende rechtsextreme Organisation. Corchia und andere Schweizer Jungnazis fuhren im Februar 2020 nach Dresden an den allj\u00e4hrlichen neonazistischen &#8220;Trauermarsch&#8221; zum Gedenken an die alliierte Bombardierung der Stadt. Dort trafen sie sich unter anderem mit Kujath. Dieser wiederum kam im Sommer in die Schweiz zu Corchia, der f\u00fcr ein paar Kameraden eine Wanderwoche in den Schwyzer Bergen vorbereitet hatte.<\/p>\n<p><strong>Video und Follower<\/strong><\/p>\n<p>Die bisher ver\u00f6ffentlichten Videos der Jungen Tat sind mitunter an folgenden Orten gedreht worden: Luzern (Waldstrasse 5), Basel (Mittlere Br\u00fccke), Z\u00fcrich (K\u00e4ferberg und vor dem Hauptsitz des verhassten, weil angeblich &#8220;j\u00fcdischen&#8221; TX-Media-Konzerns), Altdorf (Tell-Denkmal), Sisikon (Tellsplatte) Muothatal, Siebnen, Schwyzer und Urner Berge.Die rund 1000 Instagram-Follower sind mehrheitlich Deutsche. Nur rund 100 kommen aus der Schweiz. Darunter zu finden sind viele altbekannte Nazi-Aktivist*innen wie zum Beispiel Hammerskin Adrian Segessenmann (Jg. 1979, Ex-PNOS-Vize und Chef der v\u00f6lkisch-heidnischen Avalon Gemeinschaft) oder der Basler Nazi-Hooligan Roman Portner. Zu finden sind aber auch viele rechtsnationale bis rechtsextreme junge Leute ohne jegliche Zugeh\u00f6rigkeit zu organisierten Strukturen. Auch ein paar Mitglieder der Jungen SVP sind dabei. So Sven Br\u00fcgger und Arnaud Chammartin, beide aus dem Kanton Fribourg.<\/p>\n<p>F\u00fcr einen kursorischen \u00dcberblick auf das PDF klicken:<\/p>\n<p>PDF &#8211; 5.1 MB<\/p>\n<p>Solidarische Gr\u00fcsse an alle Antifaschist*innen!<br \/>Recherche Gruppe Gegen Rechts<br \/>recherche-gruppe-gegen-rechts@cryptomail.ch<br \/><br \/>Quelle: <a href=\"_wp_link_placeholder\" data-wplink-edit=\"true\">https:\/\/barrikade.info\/article\/4039<\/a><\/p>\n\n\n<p><\/p>\n","protected":false},"excerpt":{"rendered":"<p>Auf digitalen Kan\u00e4len macht seit Anfang November 2020 eine neue Deutschschweizer Nazigruppe auf sich aufmerksam. Sie nennt sich &#8220;Junge Tat&#8221;, besteht aus rund 10 \u00fcberwiegend sehr jungen M\u00e4nnern, und ist Teil der sogenannten Nationalen Aktionsfront (NAF). Im Wesentlichen ist &#8220;Junge &hellip; <a href=\"https:\/\/www.lagota.ch\/?p=3546\">Continue reading <span class=\"meta-nav\">&rarr;<\/span><\/a><\/p>\n","protected":false},"author":1,"featured_media":0,"comment_status":"closed","ping_status":"open","sticky":false,"template":"","format":"standard","meta":{"footnotes":""},"categories":[13,328,16],"tags":[1266,1263,1267,173,1265],"class_list":["post-3546","post","type-post","status-publish","format-standard","hentry","category-antifa","category-antira","category-schweiz","tag-eisenjugend","tag-junge-tat","tag-naf","tag-neonazis","tag-njs"],"_links":{"self":[{"href":"https:\/\/www.lagota.ch\/index.php?rest_route=\/wp\/v2\/posts\/3546","targetHints":{"allow":["GET"]}}],"collection":[{"href":"https:\/\/www.lagota.ch\/index.php?rest_route=\/wp\/v2\/posts"}],"about":[{"href":"https:\/\/www.lagota.ch\/index.php?rest_route=\/wp\/v2\/types\/post"}],"author":[{"embeddable":true,"href":"https:\/\/www.lagota.ch\/index.php?rest_route=\/wp\/v2\/users\/1"}],"replies":[{"embeddable":true,"href":"https:\/\/www.lagota.ch\/index.php?rest_route=%2Fwp%2Fv2%2Fcomments&post=3546"}],"version-history":[{"count":1,"href":"https:\/\/www.lagota.ch\/index.php?rest_route=\/wp\/v2\/posts\/3546\/revisions"}],"predecessor-version":[{"id":3547,"href":"https:\/\/www.lagota.ch\/index.php?rest_route=\/wp\/v2\/posts\/3546\/revisions\/3547"}],"wp:attachment":[{"href":"https:\/\/www.lagota.ch\/index.php?rest_route=%2Fwp%2Fv2%2Fmedia&parent=3546"}],"wp:term":[{"taxonomy":"category","embeddable":true,"href":"https:\/\/www.lagota.ch\/index.php?rest_route=%2Fwp%2Fv2%2Fcategories&post=3546"},{"taxonomy":"post_tag","embeddable":true,"href":"https:\/\/www.lagota.ch\/index.php?rest_route=%2Fwp%2Fv2%2Ftags&post=3546"}],"curies":[{"name":"wp","href":"https:\/\/api.w.org\/{rel}","templated":true}]}}