{"id":3548,"date":"2020-11-30T14:56:00","date_gmt":"2020-11-30T13:56:00","guid":{"rendered":"http:\/\/www.lagota.ch\/?p=3548"},"modified":"2020-11-30T14:56:00","modified_gmt":"2020-11-30T13:56:00","slug":"kommunique-2-jahre-basel-nazifrei-demo","status":"publish","type":"post","link":"https:\/\/www.lagota.ch\/?p=3548","title":{"rendered":"Kommuniqu\u00e9: 2 Jahre Basel Nazifrei Demo"},"content":{"rendered":"\n<p><strong>Hinter dem Banner \u201eF\u00fcr einen revolution\u00e4ren Antifaschismus \u2013 Basel Nazifrei\u201c zogen heute 28. November 2020 ca. 3\u2018500-4\u2019000 Menschen durch die Strassen Basels. Zur Demonstration aufgerufen hatte das B\u00fcndnis Basel Nazifrei. Einerseits, um in Zeiten erstarkender rechter Bewegungen ein k\u00e4mpferisches antifaschistisches Zeichen zu setzen. Andererseits, um der massiven staatlichen Repression gegen Antifaschist*innen eine kollektive Antwort auf der Strasse entgegenzusetzen.<\/strong><\/p>\n\n\n\n<figure class=\"wp-block-image size-large\"><img loading=\"lazy\" decoding=\"async\" width=\"710\" height=\"398\" src=\"https:\/\/www.lagota.ch\/wp-content\/uploads\/baselnazifrei4.png\" alt=\"\" class=\"wp-image-3549\" srcset=\"https:\/\/www.lagota.ch\/wp-content\/uploads\/baselnazifrei4.png 710w, https:\/\/www.lagota.ch\/wp-content\/uploads\/baselnazifrei4-300x168.png 300w\" sizes=\"auto, (max-width: 710px) 100vw, 710px\" \/><\/figure>\n\n\n\n<p>Erneut schallte die Parole \u201eBasel Nazifrei\u201c durch die Strassen, Transparente wurden aufgeh\u00e4ngt, Feuerwerk gez\u00fcndet und Parolen an die W\u00e4nde gemalt. Auf dem Turm der Kaserne wurde ein Banner in Solidarit\u00e4t mit Lina entrollt, die in Leipzig in Haft sitzt. Ihr wird wegen antifaschistischer Praxis vorgeworfen, Kopf einer \u201ekriminellen Vereinigung\u201c zu sein.<br>Wir bedanken uns bei den zahlreiche Menschen, die aus anderen St\u00e4dten aus der ganzen Schweiz und dem angrenzenden Ausland angereist sind! Die Angriffe gegen Basel Nazifrei zielen auf die gesamte antifaschistische Bewegung ab, eine gemeinsame Antwort ist deshalb unglaublich st\u00e4rkend und wertvoll.<\/p>\n\n\n\n<p>Die Polizei kontrollierte im Vorfeld und im Nachgang der Demo Menschen. Bisher wissen wir von keinen Festnahmen.<\/p>\n\n\n\n<p>Die Demonstration war ein sehr starkes Zeichen. Eine klare Ansage an die Staatsanwalt und die Gerichte, dass sie mit dieser Repression die Bewegung nicht schw\u00e4chen k\u00f6nnen. Die Prozesse werden weitergehen, unsere K\u00e4mpfe auch. Lasst uns diesen Tag als Moment aufnehmen, der uns St\u00e4rke und Energie gibt. In der aktuellen gesellschaftlichen Krise versuchen faschistische Kr\u00e4fte an Boden zu gewinnen. Das d\u00fcrfen wir nicht zulassen! Lasst uns die antifaschistische Bewegung aufbauen, Tag f\u00fcr Tag, denn eine andere Welt ist m\u00f6glich!<\/p>\n\n\n\n<p>Wir senden Gr\u00fcsse an alle Menschen, die derzeit gegen den Faschismus oder sich versch\u00e4rfende staatliche Repression ank\u00e4mpfen! No Pasar\u00e1n!<\/p>\n","protected":false},"excerpt":{"rendered":"<p>Hinter dem Banner \u201eF\u00fcr einen revolution\u00e4ren Antifaschismus \u2013 Basel Nazifrei\u201c zogen heute 28. November 2020 ca. 3\u2018500-4\u2019000 Menschen durch die Strassen Basels. Zur Demonstration aufgerufen hatte das B\u00fcndnis Basel Nazifrei. Einerseits, um in Zeiten erstarkender rechter Bewegungen ein k\u00e4mpferisches antifaschistisches &hellip; <a href=\"https:\/\/www.lagota.ch\/?p=3548\">Continue reading <span class=\"meta-nav\">&rarr;<\/span><\/a><\/p>\n","protected":false},"author":1,"featured_media":0,"comment_status":"closed","ping_status":"open","sticky":false,"template":"","format":"standard","meta":{"footnotes":""},"categories":[13,328,49,18],"tags":[1149,67,627,27],"class_list":["post-3548","post","type-post","status-publish","format-standard","hentry","category-antifa","category-antira","category-antirep","category-squat-the-world","tag-antifa","tag-basel","tag-nazifrei","tag-repression"],"_links":{"self":[{"href":"https:\/\/www.lagota.ch\/index.php?rest_route=\/wp\/v2\/posts\/3548","targetHints":{"allow":["GET"]}}],"collection":[{"href":"https:\/\/www.lagota.ch\/index.php?rest_route=\/wp\/v2\/posts"}],"about":[{"href":"https:\/\/www.lagota.ch\/index.php?rest_route=\/wp\/v2\/types\/post"}],"author":[{"embeddable":true,"href":"https:\/\/www.lagota.ch\/index.php?rest_route=\/wp\/v2\/users\/1"}],"replies":[{"embeddable":true,"href":"https:\/\/www.lagota.ch\/index.php?rest_route=%2Fwp%2Fv2%2Fcomments&post=3548"}],"version-history":[{"count":1,"href":"https:\/\/www.lagota.ch\/index.php?rest_route=\/wp\/v2\/posts\/3548\/revisions"}],"predecessor-version":[{"id":3550,"href":"https:\/\/www.lagota.ch\/index.php?rest_route=\/wp\/v2\/posts\/3548\/revisions\/3550"}],"wp:attachment":[{"href":"https:\/\/www.lagota.ch\/index.php?rest_route=%2Fwp%2Fv2%2Fmedia&parent=3548"}],"wp:term":[{"taxonomy":"category","embeddable":true,"href":"https:\/\/www.lagota.ch\/index.php?rest_route=%2Fwp%2Fv2%2Fcategories&post=3548"},{"taxonomy":"post_tag","embeddable":true,"href":"https:\/\/www.lagota.ch\/index.php?rest_route=%2Fwp%2Fv2%2Ftags&post=3548"}],"curies":[{"name":"wp","href":"https:\/\/api.w.org\/{rel}","templated":true}]}}