{"id":3564,"date":"2021-01-09T11:06:28","date_gmt":"2021-01-09T10:06:28","guid":{"rendered":"http:\/\/www.lagota.ch\/?p=3564"},"modified":"2021-01-09T11:08:12","modified_gmt":"2021-01-09T10:08:12","slug":"failed-state-usa","status":"publish","type":"post","link":"https:\/\/www.lagota.ch\/?p=3564","title":{"rendered":"Failed State USA"},"content":{"rendered":"\n<p><strong>W\u00e4hrend Kubas Pr\u00e4sident Miguel D\u00edaz-Canel nach dem Sturm fanatisierter Trump-Anh\u00e4nger auf das Kapitol deren Gewaltakte scharf verurteilte und vor allem den Verlust von Menschenleben bedauerte, macht sich das den Republikanern nahestehende<em> Wall Street Journal <\/em>Sorgen um das \u00bbdemokratische Image\u00ab der USA. \u00bbDie Vereinigten Staaten werden nie wieder in der Lage sein, der Welt zu sagen, dass wir der Ausbund an Demokratie sind\u00ab, schrieb auch die ehemalige <em>CNN<\/em>-Journalistin Jill Dougherty auf Facebook.<\/strong><\/p>\n\n\n\n<p><img loading=\"lazy\" decoding=\"async\" width=\"950\" height=\"453\" class=\"wp-image-3565\" style=\"width: 400px; height: 300px\" src=\"https:\/\/www.lagota.ch\/wp-content\/uploads\/147309.jpg\" alt=\"\" srcset=\"https:\/\/www.lagota.ch\/wp-content\/uploads\/147309.jpg 950w, https:\/\/www.lagota.ch\/wp-content\/uploads\/147309-300x143.jpg 300w, https:\/\/www.lagota.ch\/wp-content\/uploads\/147309-768x366.jpg 768w\" sizes=\"auto, (max-width: 950px) 100vw, 950px\" \/><br><br>Im Gegensatz zu Vertretern der europ\u00e4ischen US-Verb\u00fcndeten, die \u2013 wie Bundespr\u00e4sident Frank-Walter Steinmeier \u2013 in erster Linie Donald Trump f\u00fcr den \u00bbSturm auf das Herz der Demokratie\u00ab verantwortlich machen, weisen lateinamerikanische Politiker und Medien auf den Zustand des US-amerikanischen Systems hin. Die gewaltt\u00e4tigen Krawalle seien Ausdruck der \u00bbsozialen, politischen, wirtschaftlichen und kulturellen Krise einer Gesellschaft, die durch das Erstarken rassistischer Extremisten und einer Ideologie der wei\u00dfen Vorherrschaft gekennzeichnet ist\u00ab, erkl\u00e4rte das lateinamerikanische Staatenb\u00fcndnis ALBA-TCP (Bolivarische Allianz f\u00fcr die V\u00f6lker unseres Amerikas \u2013 Handelsvertrag der V\u00f6lker).<\/p>\n\n\n\n<p>\u00c4hnlich kommentierte die kubanische Tageszeitung <em>Juventud Rebelde<\/em>: \u00bbDer Neofaschismus war schon vor Trump da, er hat ihn nur versch\u00e4rft und benutzt.\u00ab Politiker der Inselrepublik, die seit mehr als 60 Jahren einer Blockade widersteht, mit der Washington einen Regime-Change provozieren will, sehen Parallelen zur eigenen Erfahrung. Die Missachtung des W\u00e4hlerwillens durch Trump sei nur \u00bbein Abbild der Praktiken, die die USA gegen den Rest der Welt angewendet haben\u00ab, schrieb Au\u00dfenminister Bruno Rodr\u00edguez per Twitter.<\/p>\n\n\n\n<p>Venezuelas Pr\u00e4sident Nicol\u00e1s Maduro erkl\u00e4rte zu den Vorg\u00e4ngen \u00bbin einem Land, aus dem Staatsstreiche und Invasionen\u00ab k\u00e4men: \u00bbDas sind die gleichen Leute, die versucht haben, in Venezuela ihre Marionette einzusetzen und Evo Morales in Bolivien zu st\u00fcrzen. Es ist die gleiche imperiale Politik, die die ganze Welt bedroht.\u00ab Maduro rief den k\u00fcnftigen US-Pr\u00e4sidenten Joseph Biden dazu auf, Hegemonie, Grausamkeit, Imperialismus und Vorherrschaft zu beenden und sich f\u00fcr Dialog, Frieden und Vielfalt einzusetzen.<\/p>\n\n\n\n<p>Auch Mexikos Staatschef Andr\u00e9s Manuel L\u00f3pez Obrador appellierte an die USA, \u00bballe au\u00dfen- und innenpolitischen Konflikte auf friedlichem Wege zu l\u00f6sen\u00ab. Die wichtigste Tageszeitung des Landes, <em>La Jornada<\/em>, wies in einem Leitartikel darauf hin, \u00bbdass das amerikanische Wahlsystem nie das demokratische Beispiel gegeben hat, das seine Anh\u00e4nger propagieren, und das es mit imperialer Arroganz seit mehr als einem Jahrhundert versucht, dem Rest der Nationen aufzuzwingen\u00ab.<\/p>\n\n\n\n<p>Einzig Brasiliens faschistischer Pr\u00e4sident Jair Bolsonaro steht weiter fest zu seinem F\u00f6rderer Trump. Auch nach dem Angriff auf das Kapitol bezeichnete er die von Biden gewonnene Wahl gegen\u00fcber der rechten Tageszeitung <em>O Globo<\/em> noch als \u00bbeklatanten Betrug\u00ab. Dar\u00fcber hinaus k\u00fcndigte Bolsonaro an, dass \u00bbdas, was in den Vereinigten Staaten geschehen ist, auch bei den n\u00e4chsten Wahlen in Brasilien passieren k\u00f6nnte\u00ab. Expr\u00e4sident Luiz In\u00e1cio Lula da Silva von der linken Arbeiterpartei nimmt solche Drohungen ernst. Er warnte davor, dass die derzeitige brasilianische Regierung \u00bb\u00fcber eine Parapolizeimafia verf\u00fcgt, um Szenen wie die im Kapitol von Washington zu wiederholen\u00ab.<br><br>Quelle: <a href=\"https:\/\/www.jungewelt.de\/artikel\/393948.sturm-auf-kapitol-failed-state-usa.html\">https:\/\/www.jungewelt.de\/artikel\/393948.sturm-auf-kapitol-failed-state-usa.html<\/a><\/p>\n","protected":false},"excerpt":{"rendered":"<p>W\u00e4hrend Kubas Pr\u00e4sident Miguel D\u00edaz-Canel nach dem Sturm fanatisierter Trump-Anh\u00e4nger auf das Kapitol deren Gewaltakte scharf verurteilte und vor allem den Verlust von Menschenleben bedauerte, macht sich das den Republikanern nahestehende Wall Street Journal Sorgen um das \u00bbdemokratische Image\u00ab der &hellip; <a href=\"https:\/\/www.lagota.ch\/?p=3564\">Continue reading <span class=\"meta-nav\">&rarr;<\/span><\/a><\/p>\n","protected":false},"author":1,"featured_media":0,"comment_status":"closed","ping_status":"open","sticky":false,"template":"","format":"standard","meta":{"footnotes":""},"categories":[13,328,10,6],"tags":[1270,1122,934,257],"class_list":["post-3564","post","type-post","status-publish","format-standard","hentry","category-antifa","category-antira","category-aus-aller-welt","category-news","tag-capitol","tag-putsch","tag-trump","tag-usa"],"_links":{"self":[{"href":"https:\/\/www.lagota.ch\/index.php?rest_route=\/wp\/v2\/posts\/3564","targetHints":{"allow":["GET"]}}],"collection":[{"href":"https:\/\/www.lagota.ch\/index.php?rest_route=\/wp\/v2\/posts"}],"about":[{"href":"https:\/\/www.lagota.ch\/index.php?rest_route=\/wp\/v2\/types\/post"}],"author":[{"embeddable":true,"href":"https:\/\/www.lagota.ch\/index.php?rest_route=\/wp\/v2\/users\/1"}],"replies":[{"embeddable":true,"href":"https:\/\/www.lagota.ch\/index.php?rest_route=%2Fwp%2Fv2%2Fcomments&post=3564"}],"version-history":[{"count":3,"href":"https:\/\/www.lagota.ch\/index.php?rest_route=\/wp\/v2\/posts\/3564\/revisions"}],"predecessor-version":[{"id":3568,"href":"https:\/\/www.lagota.ch\/index.php?rest_route=\/wp\/v2\/posts\/3564\/revisions\/3568"}],"wp:attachment":[{"href":"https:\/\/www.lagota.ch\/index.php?rest_route=%2Fwp%2Fv2%2Fmedia&parent=3564"}],"wp:term":[{"taxonomy":"category","embeddable":true,"href":"https:\/\/www.lagota.ch\/index.php?rest_route=%2Fwp%2Fv2%2Fcategories&post=3564"},{"taxonomy":"post_tag","embeddable":true,"href":"https:\/\/www.lagota.ch\/index.php?rest_route=%2Fwp%2Fv2%2Ftags&post=3564"}],"curies":[{"name":"wp","href":"https:\/\/api.w.org\/{rel}","templated":true}]}}