{"id":3573,"date":"2021-01-14T16:19:01","date_gmt":"2021-01-14T15:19:01","guid":{"rendered":"http:\/\/www.lagota.ch\/?p=3573"},"modified":"2021-01-14T16:19:01","modified_gmt":"2021-01-14T15:19:01","slug":"aufruf-zur-prozess-unterstutzung","status":"publish","type":"post","link":"https:\/\/www.lagota.ch\/?p=3573","title":{"rendered":"Aufruf zur Prozess-Unterst\u00fctzung"},"content":{"rendered":"\n<p><strong>Strafprozesse wegen N\u00f6tigung anl\u00e4sslich einer Deportation.<\/strong><\/p>\n\n\n\n<p><img loading=\"lazy\" decoding=\"async\" width=\"400\" height=\"224\" class=\"wp-image-3574\" style=\"width: 400px;\" src=\"https:\/\/www.lagota.ch\/wp-content\/uploads\/solidaritaetluzern.png\" alt=\"\" srcset=\"https:\/\/www.lagota.ch\/wp-content\/uploads\/solidaritaetluzern.png 710w, https:\/\/www.lagota.ch\/wp-content\/uploads\/solidaritaetluzern-300x168.png 300w\" sizes=\"auto, (max-width: 400px) 100vw, 400px\" \/><br>Vom Dienstag, 26. bis am Donnerstag 28. Januar, finden am Bezirksgericht Luzern Strafprozesse wegen N\u00f6tigung anl\u00e4sslich einer Ausschaffung statt. Die Staatsanwaltschaft wirft den 9 Angeklagten vor, den Gefangenentransport w\u00e4hrend der Demonstration blockiert zu haben.<\/p>\n\n\n\n<p>Wir beziehen unsere W\u00fcrde und St\u00e4rke nicht aus den Urteilen des Gerichts. Darum freuen wir uns umso mehr auf die Anwesenheit und Unterst\u00fctzung von solidarischen Personen vor, w\u00e4hrend und nach den Prozessen.<\/p>\n\n\n\n<p>Die Prozesse finden in einzeln, bzw. nacheinander statt. Beginn ist am Morgen jeweils um 8 und am Nachmittag um 13 Uhr (ausser Mittwochnachmittag, am 27.01. ist keine Verhandlung).<\/p>\n","protected":false},"excerpt":{"rendered":"<p>Strafprozesse wegen N\u00f6tigung anl\u00e4sslich einer Deportation. Vom Dienstag, 26. bis am Donnerstag 28. Januar, finden am Bezirksgericht Luzern Strafprozesse wegen N\u00f6tigung anl\u00e4sslich einer Ausschaffung statt. Die Staatsanwaltschaft wirft den 9 Angeklagten vor, den Gefangenentransport w\u00e4hrend der Demonstration blockiert zu haben. &hellip; <a href=\"https:\/\/www.lagota.ch\/?p=3573\">Continue reading <span class=\"meta-nav\">&rarr;<\/span><\/a><\/p>\n","protected":false},"author":1,"featured_media":0,"comment_status":"closed","ping_status":"open","sticky":false,"template":"","format":"standard","meta":{"footnotes":""},"categories":[328,49,11,406,16],"tags":[325,1271,58,27,68],"class_list":["post-3573","post","type-post","status-publish","format-standard","hentry","category-antira","category-antirep","category-luzern","category-migration","category-schweiz","tag-ausschaffung","tag-bezirksgericht-luzern","tag-prozess","tag-repression","tag-widerstand"],"_links":{"self":[{"href":"https:\/\/www.lagota.ch\/index.php?rest_route=\/wp\/v2\/posts\/3573","targetHints":{"allow":["GET"]}}],"collection":[{"href":"https:\/\/www.lagota.ch\/index.php?rest_route=\/wp\/v2\/posts"}],"about":[{"href":"https:\/\/www.lagota.ch\/index.php?rest_route=\/wp\/v2\/types\/post"}],"author":[{"embeddable":true,"href":"https:\/\/www.lagota.ch\/index.php?rest_route=\/wp\/v2\/users\/1"}],"replies":[{"embeddable":true,"href":"https:\/\/www.lagota.ch\/index.php?rest_route=%2Fwp%2Fv2%2Fcomments&post=3573"}],"version-history":[{"count":1,"href":"https:\/\/www.lagota.ch\/index.php?rest_route=\/wp\/v2\/posts\/3573\/revisions"}],"predecessor-version":[{"id":3575,"href":"https:\/\/www.lagota.ch\/index.php?rest_route=\/wp\/v2\/posts\/3573\/revisions\/3575"}],"wp:attachment":[{"href":"https:\/\/www.lagota.ch\/index.php?rest_route=%2Fwp%2Fv2%2Fmedia&parent=3573"}],"wp:term":[{"taxonomy":"category","embeddable":true,"href":"https:\/\/www.lagota.ch\/index.php?rest_route=%2Fwp%2Fv2%2Fcategories&post=3573"},{"taxonomy":"post_tag","embeddable":true,"href":"https:\/\/www.lagota.ch\/index.php?rest_route=%2Fwp%2Fv2%2Ftags&post=3573"}],"curies":[{"name":"wp","href":"https:\/\/api.w.org\/{rel}","templated":true}]}}