{"id":3576,"date":"2021-01-17T10:07:30","date_gmt":"2021-01-17T09:07:30","guid":{"rendered":"http:\/\/www.lagota.ch\/?p=3576"},"modified":"2021-01-17T10:09:56","modified_gmt":"2021-01-17T09:09:56","slug":"demo-eichwaldli-bleibt-am-30-1-21-in-luzern","status":"publish","type":"post","link":"https:\/\/www.lagota.ch\/?p=3576","title":{"rendered":"Demo &#8220;Eichw\u00e4ldli bleibt&#8221; am 30.1.21 in Luzern"},"content":{"rendered":"\n<p>Was passiert da gerade am Rande des kleinen Waldes bei der Allmend in Luzern? Wir sagen es ungern, aber die Kacke ist am dampfen!<br>Die Stadt h\u00e4lt an ihren Abrisspl\u00e4nen fest. Und wir? Wir sind uns nach wie vor sicher, dass es M\u00f6glichkeiten gibt, sich dem geliebten Haus anzunehmen, Zukunftspl\u00e4ne zu schmieden und diese gemeinsam mit den unz\u00e4hligen Unterst\u00fctzer*innen umzusetzen. Die vielen bejahenden Briefe, Worte und Nachrichten ber\u00fchren uns und best\u00e4rken uns darin. <\/p>\n\n\n\n<p><img loading=\"lazy\" decoding=\"async\" width=\"591\" height=\"407\" class=\"wp-image-3577\" style=\"width: 300px; height: 300px\" src=\"https:\/\/www.lagota.ch\/wp-content\/uploads\/Demo.gif\" alt=\"\"><br>Wir k\u00e4mpfen weiter, damit der in den letzten zweieinhalb Jahren entstandene Ort des Austauschens, der Utopie und der Unkonvention bestehen bleibt. Aber ganz ehrlich: Auch uns geht\u2019s an die Nieren, denn dieses Haus ist auch unser Zuhause. Und Luzern geht\u2019s ans Lebendige, denn Lebensraum ausserhalb des 3.5-Zimmer-Normkonzepts wird aus der Stadt verdr\u00e4ngt, verneint und ersatzlos eingerissen.<\/p>\n\n\n\n<p>Das werden wir nicht hinnehmen und deshalb gibt es am 30.1.2021 eine entschlossene, fr\u00f6hliche Demo mit Musik und lauten Worten! H\u00e4ngt eine Fahne aus dem Fenster, sagt es euren Freund*innen und kommt an die Demo.<\/p>\n\n\n\n<p>Wir haben uns entschieden trotz der aktuellen Pandemie nicht auf diese Form des Protest zu verzichten. Es ist uns jedoch wichtig zu sagen, dass alle eine Maske tragen sollen und Abstand gehalten wird. <\/p>\n\n\n\n<p>EICHW\u00c4LDLI BLEIBT.<br>LEBENSRAUM VERTEIDIGEN!<br>*DEMO*30.01.21 <br>***<br>Besammlung:14 UHR<br>Murmattweg 26005 Luzern<br>***<br>Demo bewilligt<br>Maske mitbringen und Abstand halten!<\/p>\n","protected":false},"excerpt":{"rendered":"<p>Was passiert da gerade am Rande des kleinen Waldes bei der Allmend in Luzern? Wir sagen es ungern, aber die Kacke ist am dampfen!Die Stadt h\u00e4lt an ihren Abrisspl\u00e4nen fest. Und wir? Wir sind uns nach wie vor sicher, dass &hellip; <a href=\"https:\/\/www.lagota.ch\/?p=3576\">Continue reading <span class=\"meta-nav\">&rarr;<\/span><\/a><\/p>\n","protected":false},"author":1,"featured_media":0,"comment_status":"closed","ping_status":"open","sticky":false,"template":"","format":"standard","meta":{"footnotes":""},"categories":[274,11,18,4],"tags":[66,1115,1148,1272],"class_list":["post-3576","post","type-post","status-publish","format-standard","hentry","category-gentrifizierung","category-luzern","category-squat-the-world","category-veranstaltung","tag-demo","tag-eichwaldli","tag-luzern","tag-utopie"],"_links":{"self":[{"href":"https:\/\/www.lagota.ch\/index.php?rest_route=\/wp\/v2\/posts\/3576","targetHints":{"allow":["GET"]}}],"collection":[{"href":"https:\/\/www.lagota.ch\/index.php?rest_route=\/wp\/v2\/posts"}],"about":[{"href":"https:\/\/www.lagota.ch\/index.php?rest_route=\/wp\/v2\/types\/post"}],"author":[{"embeddable":true,"href":"https:\/\/www.lagota.ch\/index.php?rest_route=\/wp\/v2\/users\/1"}],"replies":[{"embeddable":true,"href":"https:\/\/www.lagota.ch\/index.php?rest_route=%2Fwp%2Fv2%2Fcomments&post=3576"}],"version-history":[{"count":4,"href":"https:\/\/www.lagota.ch\/index.php?rest_route=\/wp\/v2\/posts\/3576\/revisions"}],"predecessor-version":[{"id":3581,"href":"https:\/\/www.lagota.ch\/index.php?rest_route=\/wp\/v2\/posts\/3576\/revisions\/3581"}],"wp:attachment":[{"href":"https:\/\/www.lagota.ch\/index.php?rest_route=%2Fwp%2Fv2%2Fmedia&parent=3576"}],"wp:term":[{"taxonomy":"category","embeddable":true,"href":"https:\/\/www.lagota.ch\/index.php?rest_route=%2Fwp%2Fv2%2Fcategories&post=3576"},{"taxonomy":"post_tag","embeddable":true,"href":"https:\/\/www.lagota.ch\/index.php?rest_route=%2Fwp%2Fv2%2Ftags&post=3576"}],"curies":[{"name":"wp","href":"https:\/\/api.w.org\/{rel}","templated":true}]}}