{"id":3583,"date":"2021-02-01T21:07:57","date_gmt":"2021-02-01T20:07:57","guid":{"rendered":"http:\/\/www.lagota.ch\/?p=3583"},"modified":"2021-02-01T21:07:57","modified_gmt":"2021-02-01T20:07:57","slug":"kundgebung-hanau-kein-vergeben-kein-vergessen","status":"publish","type":"post","link":"https:\/\/www.lagota.ch\/?p=3583","title":{"rendered":"Kundgebung: Hanau \u2013 Kein Vergeben kein Vergessen"},"content":{"rendered":"<p><a href=\"https:\/\/www.lagota.ch\/wp-content\/uploads\/hanau.png\"><img loading=\"lazy\" decoding=\"async\" class=\"alignleft size-large wp-image-3584\" src=\"https:\/\/www.lagota.ch\/wp-content\/uploads\/hanau-724x1024.png\" alt=\"\" width=\"640\" height=\"905\" srcset=\"https:\/\/www.lagota.ch\/wp-content\/uploads\/hanau-724x1024.png 724w, https:\/\/www.lagota.ch\/wp-content\/uploads\/hanau-212x300.png 212w, https:\/\/www.lagota.ch\/wp-content\/uploads\/hanau-768x1086.png 768w, https:\/\/www.lagota.ch\/wp-content\/uploads\/hanau-1086x1536.png 1086w, https:\/\/www.lagota.ch\/wp-content\/uploads\/hanau-1448x2048.png 1448w\" sizes=\"auto, (max-width: 640px) 100vw, 640px\" \/><\/a><\/p>\n<p>Am 19. Februar j\u00e4hrt sich das Attentat von Hanau. Mit der gezielten Ermordung von 9 migrantischen Menschen wurde f\u00fcr uns Migrant*innen ein neues Level von rassistischer Gewalt erreicht. Heute wissen wir, dass eine rassistische Polizeipraxis den Notausgang zusperren liess und somit eine Flucht vor dem Rechtsterroristen unm\u00f6glich machte. \u00dcberlebende und Betroffene berichten, dass sie in der Nacht des Attentats und danach wie \u201eKriminelle\u201c behandelt worden sind.<\/p>\n<p>Die Angeh\u00f6rigen rufen dazu auf, am Jahrestag Kundgebungen und Aktionen durchzuf\u00fchren. Lasst uns daher treffen in Gedenken an Ferhat, Hamza, Said, Vili, Mercedes, Kaloyan, Fatih, Sedat und G\u00f6khan. Wir fordern Gerechtigkeit, Aufkl\u00e4rung und Konsequenzen!<\/p>\n<p>Datum: Freitag, 19. Februar 2021, 18 Uhr<br \/>\nOrt: Barf\u00fcsserplatz, Basel<\/p>\n<p>Wir stehen zusammen und k\u00e4mpfen gemeinsam.<br \/>\nGegen die Angst. F\u00fcr das Leben. Erinnern hei\u00dft ver\u00e4ndern!<\/p>\n<p>Mehr Infos zu Hanau unter: 19feb-hanau.org<\/p>\n","protected":false},"excerpt":{"rendered":"<p>Am 19. Februar j\u00e4hrt sich das Attentat von Hanau. Mit der gezielten Ermordung von 9 migrantischen Menschen wurde f\u00fcr uns Migrant*innen ein neues Level von rassistischer Gewalt erreicht. Heute wissen wir, dass eine rassistische Polizeipraxis den Notausgang zusperren liess und &hellip; <a href=\"https:\/\/www.lagota.ch\/?p=3583\">Continue reading <span class=\"meta-nav\">&rarr;<\/span><\/a><\/p>\n","protected":false},"author":1,"featured_media":0,"comment_status":"closed","ping_status":"open","sticky":false,"template":"","format":"standard","meta":{"footnotes":""},"categories":[13,328,4],"tags":[1273,67,1202,737,24,103],"class_list":["post-3583","post","type-post","status-publish","format-standard","hentry","category-antifa","category-antira","category-veranstaltung","tag-attentat","tag-basel","tag-hanau","tag-kundgebung","tag-polizei","tag-rassismus"],"_links":{"self":[{"href":"https:\/\/www.lagota.ch\/index.php?rest_route=\/wp\/v2\/posts\/3583","targetHints":{"allow":["GET"]}}],"collection":[{"href":"https:\/\/www.lagota.ch\/index.php?rest_route=\/wp\/v2\/posts"}],"about":[{"href":"https:\/\/www.lagota.ch\/index.php?rest_route=\/wp\/v2\/types\/post"}],"author":[{"embeddable":true,"href":"https:\/\/www.lagota.ch\/index.php?rest_route=\/wp\/v2\/users\/1"}],"replies":[{"embeddable":true,"href":"https:\/\/www.lagota.ch\/index.php?rest_route=%2Fwp%2Fv2%2Fcomments&post=3583"}],"version-history":[{"count":1,"href":"https:\/\/www.lagota.ch\/index.php?rest_route=\/wp\/v2\/posts\/3583\/revisions"}],"predecessor-version":[{"id":3585,"href":"https:\/\/www.lagota.ch\/index.php?rest_route=\/wp\/v2\/posts\/3583\/revisions\/3585"}],"wp:attachment":[{"href":"https:\/\/www.lagota.ch\/index.php?rest_route=%2Fwp%2Fv2%2Fmedia&parent=3583"}],"wp:term":[{"taxonomy":"category","embeddable":true,"href":"https:\/\/www.lagota.ch\/index.php?rest_route=%2Fwp%2Fv2%2Fcategories&post=3583"},{"taxonomy":"post_tag","embeddable":true,"href":"https:\/\/www.lagota.ch\/index.php?rest_route=%2Fwp%2Fv2%2Ftags&post=3583"}],"curies":[{"name":"wp","href":"https:\/\/api.w.org\/{rel}","templated":true}]}}