{"id":3586,"date":"2021-02-04T11:53:26","date_gmt":"2021-02-04T10:53:26","guid":{"rendered":"http:\/\/www.lagota.ch\/?p=3586"},"modified":"2021-02-04T11:54:34","modified_gmt":"2021-02-04T10:54:34","slug":"eichwaldli-demo-dank-und-live-on-air","status":"publish","type":"post","link":"https:\/\/www.lagota.ch\/?p=3586","title":{"rendered":"Eichw\u00e4ldli: Demo-Dank und Live on Air"},"content":{"rendered":"\n<p>Liebe Freund*innen<\/p>\n\n\n\n<p><img loading=\"lazy\" decoding=\"async\" width=\"1803\" height=\"2560\" class=\"wp-image-3587\" style=\"width: 300px; height: 400px\" src=\"https:\/\/www.lagota.ch\/wp-content\/uploads\/Eichwa\u0308ldli_im-radio-scaled.jpg\" alt=\"\" srcset=\"https:\/\/www.lagota.ch\/wp-content\/uploads\/Eichwa\u0308ldli_im-radio-scaled.jpg 1803w, https:\/\/www.lagota.ch\/wp-content\/uploads\/Eichwa\u0308ldli_im-radio-211x300.jpg 211w, https:\/\/www.lagota.ch\/wp-content\/uploads\/Eichwa\u0308ldli_im-radio-721x1024.jpg 721w, https:\/\/www.lagota.ch\/wp-content\/uploads\/Eichwa\u0308ldli_im-radio-768x1091.jpg 768w, https:\/\/www.lagota.ch\/wp-content\/uploads\/Eichwa\u0308ldli_im-radio-1082x1536.jpg 1082w, https:\/\/www.lagota.ch\/wp-content\/uploads\/Eichwa\u0308ldli_im-radio-1442x2048.jpg 1442w\" sizes=\"auto, (max-width: 1803px) 100vw, 1803px\" \/><br>Die Demo war \u00fcberw\u00e4ltigend. Wir lachten und weinten, tanzten und trugen Worte auf Stoffen durch die Stadt. So viele Menschen, die alle zusammen durch die Strassen spazierten. Nicht durch die Bahnhofstrasse, oder die Altstadt, sondern durch unsere Quartiere, in denen wir leben und wohnen. Denn \u201edieses Quartier ist unser Bier!\u201c<\/p>\n\n\n\n<p>Der Traktor zog die musikalische Variation unseres Anliegens durch die Strassen, in denen Menschen aus den Fernstern schauten und von Balkonen runterwinkten, aber auch an den nun brachliegenden Fl\u00e4chen vorbei, wo in den letzten Jahren Freir\u00e4ume verschwunden sind.<\/p>\n\n\n\n<p>Was an jenem Samstagnachmittag durch die Strassen schritt, war ein lauter, entschlossener Haufen, untereinander verbunden durch Ideen, Visionen und dem Wunsch nach selbstbestimmten Freir\u00e4umen, nach Lebensraum in dem Utopien Alltag werden.<\/p>\n\n\n\n<p>Wir waren an dieser Demo achtmal mehr Menschen als an jener Sitzung heute, bei der die Interpellation zum Eichw\u00e4ldli verhandelt wird. Und wir waren ein Zweihundertstel der gesamten Luzerner Stadtbev\u00f6lkerung, als wir am Samstag durch unsere Stadt zogen.<\/p>\n\n\n\n<p>Am 1. Februar sassen wir am langen Tisch in diesem sch\u00f6nen schiefen Haus und liessen uns die K\u00e4seplatte von unten und das Brot vom oberen Ende des Tisches reichen.<\/p>\n\n\n\n<p>Was machen wir jetzt? Die haben die Frist nach hinten gesetzt! Unseren Hausfriedensbrunch um zwei Wochen nach hinten verschieben wollten wir trotzdem nicht. Dann haben wir das Haus von unten (und hier meinen wir nicht den Keller, sondern die Schlagseite der Stube) bis oben durchgefegt. Die ganze Diskussion streckt sich zwar weiter in unbestimmte L\u00e4nge, aber wir sind hier und Knien uns rein wie wir nur k\u00f6nnen. Und da ist so ein frisch ge\u00f6lter 90 Quadratmeter Parkett schon mal eine angenehme Grundlage um den Boden unter den F\u00fcssen zu behalten.<\/p>\n\n\n\n<p>Denn irgendwie schweben wir noch immer: Von dieser wahnsinnigen Demo in eine andere Sph\u00e4re katapultiert und von Mut und Liebe unserer Freund*innen gest\u00e4rkt, blicken wir auf diesen Sumpf aus Stadtratsentscheiden und juristischen Gutachten, die nicht rausger\u00fcckt werden. Wir versuchen nicht unt\u00e4tig zu bleiben und dem Abwarten zu verfallen, schreiben Texte, proben Radiobeitr\u00e4ge, heizen den Pool ein und am liebsten spielen wir das Stratiegiespiel \u00abWem geh\u00f6rt die Stadt!?\u00bb Nach wenig Schlaf wird famoses Essen aufgetischt und die Ruhe vor dem vermuteten Sturm mit lauter Musik aus dem K\u00f6rper gebasst.<\/p>\n\n\n\n<p>Es d\u00fcrften noch einige Medien berichten und Entscheidungen gef\u00e4llt und wieder verschoben werden, Menschen den Kopf sch\u00fctteln und das Eichw\u00e4ldli beim Vorbeispazieren neugierig gemustert werden. Wir lassen uns in keine T\u00f6pfe werfen, uns nicht von haarstr\u00e4ubenden oder grundverschrobenen Aussenperspektiven definieren und auf eine befristete Rolle in einem Zwischennutzungskonzept beschr\u00e4nken. Nein, lieber erfinden wir uns immer wieder neu. Versuchen wir, den immer gleichen Geschichten die Show zu stehlen.<\/p>\n\n\n\n<p>Was gibt es Sch\u00f6neres, als die f\u00f6rmlich sp\u00fcrbare Unterst\u00fctzung all dieser Menschen, die sich f\u00fcr freie Lebensr\u00e4ume, und konkret, manchmal fast absurd und unfassbar, f\u00fcr uns einsetzen, f\u00fcrs Eichw\u00e4ldli Transpis malten, tolle Spektaktel inszenierten, r\u00fchrende Reden schrieben. Wir k\u00f6nnen nicht genug danken!<\/p>\n\n\n\n<p>Falls auch du im graunassen Februarloch sitzt, die Wochenenden sich kaum mehr einordnen lassen in die sich stetig wiederholenden Abl\u00e4ufen von hell zu dunkel zu hell, und du dir denkst, diese Vibes von letzten Samstag, die nochmal, Live on air, direkt auf deine Ohren, dann haben wir etwas f\u00fcr dich angeh\u00e4ngt.<\/p>\n\n\n\n<p>Und falls du fr\u00fch auf bist oder noch wach: Heute um 8:00 Uhr morgens kannst du in der Megahex Morgenshow ein paar von den Reden der Demo nochmals h\u00f6ren. Zu finden auf <a href=\"http:\/\/www.megahex.fm\">www.megahex.fm<\/a><\/p>\n\n\n\n<p>Mit erhobenen F\u00e4usten<\/p>\n\n\n\n<p>eure Familie Eichw\u00e4ldli<\/p>\n","protected":false},"excerpt":{"rendered":"<p>Liebe Freund*innen Die Demo war \u00fcberw\u00e4ltigend. Wir lachten und weinten, tanzten und trugen Worte auf Stoffen durch die Stadt. So viele Menschen, die alle zusammen durch die Strassen spazierten. Nicht durch die Bahnhofstrasse, oder die Altstadt, sondern durch unsere Quartiere, &hellip; <a href=\"https:\/\/www.lagota.ch\/?p=3586\">Continue reading <span class=\"meta-nav\">&rarr;<\/span><\/a><\/p>\n","protected":false},"author":1,"featured_media":0,"comment_status":"closed","ping_status":"open","sticky":false,"template":"","format":"standard","meta":{"footnotes":""},"categories":[11,18],"tags":[66,1115,1274,92],"class_list":["post-3586","post","type-post","status-publish","format-standard","hentry","category-luzern","category-squat-the-world","tag-demo","tag-eichwaldli","tag-hausbesetzung","tag-squat"],"_links":{"self":[{"href":"https:\/\/www.lagota.ch\/index.php?rest_route=\/wp\/v2\/posts\/3586","targetHints":{"allow":["GET"]}}],"collection":[{"href":"https:\/\/www.lagota.ch\/index.php?rest_route=\/wp\/v2\/posts"}],"about":[{"href":"https:\/\/www.lagota.ch\/index.php?rest_route=\/wp\/v2\/types\/post"}],"author":[{"embeddable":true,"href":"https:\/\/www.lagota.ch\/index.php?rest_route=\/wp\/v2\/users\/1"}],"replies":[{"embeddable":true,"href":"https:\/\/www.lagota.ch\/index.php?rest_route=%2Fwp%2Fv2%2Fcomments&post=3586"}],"version-history":[{"count":3,"href":"https:\/\/www.lagota.ch\/index.php?rest_route=\/wp\/v2\/posts\/3586\/revisions"}],"predecessor-version":[{"id":3590,"href":"https:\/\/www.lagota.ch\/index.php?rest_route=\/wp\/v2\/posts\/3586\/revisions\/3590"}],"wp:attachment":[{"href":"https:\/\/www.lagota.ch\/index.php?rest_route=%2Fwp%2Fv2%2Fmedia&parent=3586"}],"wp:term":[{"taxonomy":"category","embeddable":true,"href":"https:\/\/www.lagota.ch\/index.php?rest_route=%2Fwp%2Fv2%2Fcategories&post=3586"},{"taxonomy":"post_tag","embeddable":true,"href":"https:\/\/www.lagota.ch\/index.php?rest_route=%2Fwp%2Fv2%2Ftags&post=3586"}],"curies":[{"name":"wp","href":"https:\/\/api.w.org\/{rel}","templated":true}]}}