{"id":3619,"date":"2021-03-29T16:49:00","date_gmt":"2021-03-29T15:49:00","guid":{"rendered":"https:\/\/www.lagota.ch\/?p=3619"},"modified":"2021-03-29T16:50:18","modified_gmt":"2021-03-29T15:50:18","slug":"wir-tragen-eure-krise-nicht","status":"publish","type":"post","link":"https:\/\/www.lagota.ch\/?p=3619","title":{"rendered":"Wir tragen eure Krise nicht!"},"content":{"rendered":"\n<p><strong>In der Coronapandemie zeigt sich deutlich: Das Leben vieler Menschen wird geopfert, um weiterhin unaufhaltsam die Profitmaschine der Besitzenden in Gang zu halten \u2013 anstatt die Pandemie auf Basis von medizinischem Wissen radikal und solidarisch zugunsten aller einzud\u00e4mmen. Aus diesem und vielen weiteren Gr\u00fcnden hat der Z\u00e4meschluss dazu aufgerufen, heute am 27. M\u00e4rz zu demonstrieren.<\/strong><\/p>\n\n\n\n<p><img loading=\"lazy\" decoding=\"async\" width=\"710\" height=\"398\" class=\"wp-image-3620\" style=\"width: 500px; height: 300px\" src=\"https:\/\/www.lagota.ch\/wp-content\/uploads\/zureichdemo.png\" alt=\"\" srcset=\"https:\/\/www.lagota.ch\/wp-content\/uploads\/zureichdemo.png 710w, https:\/\/www.lagota.ch\/wp-content\/uploads\/zureichdemo-300x168.png 300w\" sizes=\"auto, (max-width: 710px) 100vw, 710px\" \/><br>Ca. 500 Personen sind dem Aufruf gefolgt und haben ihre Wut und den Widerstand vom Hardplatz aus auf die Strassen Z\u00fcrichs getragen.<\/p>\n\n\n\n<p>Aufgrund eines immenesen Polizeiaufgebots konnten wir nicht unsere geplante Route laufen und viele der geplanten Reden konnten nicht gehalten werden. Trotz der harten Repression gelang es uns, uns mit mehreren kleineren Demonstrationen die Strassen im Kreis 3 zu nehmen.<br>In Zeiten, in denen schon lange bestehende Probleme und Krisen um ein vielfaches verst\u00e4rkt werden, die Auswirkungen aber oftmals alleine getragen werden m\u00fcssen, war es umso wichtiger sich zusammen die Strasse zu nehmen und gemeinsamen linken Inhalten wortw\u00f6rtlich Raum zu geben. Auch durch die heutigen Repressalien seitens der Stadtpolizei lassen wir uns nicht einsch\u00fcchtern und werden uns auch in den n\u00e4chsten Tagen und Wochen selbstbestimmt die Strasse nehmen!<\/p>\n\n\n\n<p>Wir solidarisieren uns mit all jenen Menschen, die von der Pandemie am h\u00e4rtesten getroffen werden, weil ihre prek\u00e4re Lebens- und\/oder Arbeitssituation massiv verschlechter wurde.<br>Global zeigt sich, dass vor allem die Klasse der Lohnabh\u00e4ngigen in Jobs arbeiten muss, die zu sogenannten Vorerkrankungen f\u00fchren, die zu wenig Lohn abwerfen, als dass eine gesunde Ern\u00e4hrung und eine gen\u00fcgende Gesundheitsvorsorge m\u00f6glich w\u00e4re. Oder aber sogar, dass viele Menschen schlicht mit dem Verlust ihrer Arbeit alleine auf der Strasse stehen gelassen werden. Besonders betroffen sind dabei Menschen, die rassistischer und sexistischer Diskriminierung ausgesetzt sind, welche sich auch in der jeweiligen \u00f6konomischen Situation wiederspiegelt; Menschen, die unter strukturellem Rassimus leiden, haben noch mehr M\u00fche einen Job zu finden und FTIQ Personen, die zuhause im Home Office arbeiten, leiden neben der allzu oft von ihnen geleisteten unbezahlten Carearbeit vermehrt unter h\u00e4uslicher Gewalt. Auch Arbeiter*innen im Gesundheitswesen riskieren tagt\u00e4glich ihr Leben bei der Pflege von Covid-19 Patient*innen, welches immer noch kaputtgespart und weiter privatisiert wird.<br>All dies macht offensichtlich, dass die aktuelle Pandemielage eine Krise ist, die bestehende Unterdr\u00fcckungsformen verst\u00e4rkt und die Widerspr\u00fcche unseres Systems noch offener zu Tage treten l\u00e4sst \u2013 und die Menschen daf\u00fcr aufkommen m\u00fcssen, die sowieso schon am meisten darunter leiden.<\/p>\n\n\n\n<p>Auch wenn die Stadt und ihre (fast) allzeit bereite, neu behelmte Kasperligruppe die Spuren des heutigen Tages so schnell wie m\u00f6glich unsichtbar zu machen versuchen werden &#8211; wir haben gezeigt, dass wir viele sind, dass wir w\u00fctend sind, dass wir die Krise nicht weiterhin still tragen! Bleiben wir widerst\u00e4ndig, schliessen wir uns zusammen, und passen wir auf uns auf! Denn anders als die Verschw\u00f6rungsgl\u00e4ubigen, die sozialdarwinistischem Geschwafel T\u00fcr und Tor \u00f6ffnen und munter von rechten Kr\u00e4ften und Faschos unterwandert werden, sehen wir die Krise nicht erst seit Corona w\u00fcten &#8211; schon vor der Pandemie zeigte das kapitalistische System tagt\u00e4glich seine strukturelle Gewalt und seine ausbeuterische Unmenschlichkeit.<\/p>\n\n\n\n<p>Diese Pandemie f\u00fchrt uns also einmal mehr klar vor Augen, dass das kapitalistische System f\u00fcr die allermeisten kein befriedigendes, gesundes und sicheres Leben zu bieten hat. Somit ist offensichtlich, dass ein gutes Leben f\u00fcr alle nur jenseits des Kapitalismus m\u00f6glich ist.<\/p>\n\n\n\n<p>K\u00e4mpfen wir weiter f\u00fcr eine solidarische Gesellschaft fernab von Ausbeutung und Unterdr\u00fcckung! K\u00e4mpfen wir von der Schule zur Pflege, von der Fabrik zu den B\u00fcros, von den Kn\u00e4sten bis hin zu den Asyllager!<br>Gemeinsam sind wir stark &#8211; De Z\u00e4meschluss<\/p>\n","protected":false},"excerpt":{"rendered":"<p>In der Coronapandemie zeigt sich deutlich: Das Leben vieler Menschen wird geopfert, um weiterhin unaufhaltsam die Profitmaschine der Besitzenden in Gang zu halten \u2013 anstatt die Pandemie auf Basis von medizinischem Wissen radikal und solidarisch zugunsten aller einzud\u00e4mmen. Aus diesem &hellip; <a href=\"https:\/\/www.lagota.ch\/?p=3619\">Continue reading <span class=\"meta-nav\">&rarr;<\/span><\/a><\/p>\n","protected":false},"author":1,"featured_media":0,"comment_status":"closed","ping_status":"open","sticky":false,"template":"","format":"standard","meta":{"footnotes":""},"categories":[13,328,49,14,1214,242,274,16,18,108],"tags":[1208,66,76,37,1278,1215,616,121],"class_list":["post-3619","post","type-post","status-publish","format-standard","hentry","category-antifa","category-antira","category-antirep","category-arbeitskampf","category-corona","category-emanzipation","category-gentrifizierung","category-schweiz","category-squat-the-world","category-wirtschaftskrise","tag-corona","tag-demo","tag-kapitalismus","tag-krise","tag-linksradikal","tag-pandemie","tag-zureich","tag-zurich"],"_links":{"self":[{"href":"https:\/\/www.lagota.ch\/index.php?rest_route=\/wp\/v2\/posts\/3619","targetHints":{"allow":["GET"]}}],"collection":[{"href":"https:\/\/www.lagota.ch\/index.php?rest_route=\/wp\/v2\/posts"}],"about":[{"href":"https:\/\/www.lagota.ch\/index.php?rest_route=\/wp\/v2\/types\/post"}],"author":[{"embeddable":true,"href":"https:\/\/www.lagota.ch\/index.php?rest_route=\/wp\/v2\/users\/1"}],"replies":[{"embeddable":true,"href":"https:\/\/www.lagota.ch\/index.php?rest_route=%2Fwp%2Fv2%2Fcomments&post=3619"}],"version-history":[{"count":4,"href":"https:\/\/www.lagota.ch\/index.php?rest_route=\/wp\/v2\/posts\/3619\/revisions"}],"predecessor-version":[{"id":3624,"href":"https:\/\/www.lagota.ch\/index.php?rest_route=\/wp\/v2\/posts\/3619\/revisions\/3624"}],"wp:attachment":[{"href":"https:\/\/www.lagota.ch\/index.php?rest_route=%2Fwp%2Fv2%2Fmedia&parent=3619"}],"wp:term":[{"taxonomy":"category","embeddable":true,"href":"https:\/\/www.lagota.ch\/index.php?rest_route=%2Fwp%2Fv2%2Fcategories&post=3619"},{"taxonomy":"post_tag","embeddable":true,"href":"https:\/\/www.lagota.ch\/index.php?rest_route=%2Fwp%2Fv2%2Ftags&post=3619"}],"curies":[{"name":"wp","href":"https:\/\/api.w.org\/{rel}","templated":true}]}}