{"id":3625,"date":"2021-04-05T10:16:44","date_gmt":"2021-04-05T09:16:44","guid":{"rendered":"https:\/\/www.lagota.ch\/?p=3625"},"modified":"2021-04-05T10:18:22","modified_gmt":"2021-04-05T09:18:22","slug":"walk-of-care-am-13-april-in-luzern","status":"publish","type":"post","link":"https:\/\/www.lagota.ch\/?p=3625","title":{"rendered":"Walk of Care am 13. April in Luzern"},"content":{"rendered":"\n<p>Die Pflege setzt sich zur Wehr und tr\u00e4gt ihre Anliegen erneut auf die Strasse, damit sich endlich etwas \u00e4ndert. Komm auch du am 13. April um 17:00 zum M\u00fchleplatz in Luzern und zeige deine Solidarit\u00e4t f\u00fcr die Forderungen des Pflegepersonals. Guter Pflege steht Profit im Wege!<\/p>\n\n\n\n<p>Tragt Masken, haltet Abstand zueinander und meldet euch bitte vor der Demo beim SBK an. <a rel=\"noreferrer noopener\" href=\"https:\/\/docs.google.com\/forms\/d\/1hSbT-4ysSTTXIPhJcD10StclBQ9ciMV1GGhsgP9eivs\/viewform?edit_requested=true&amp;fbclid=IwAR14OFq6Ss96Gsmz8LQ54ov7KlpUHUoayhTTv_OWFWqlQLdEWUm6VInNUgw\" target=\"_blank\">https:\/\/docs.google.com\/&#8230;\/1hSbT&#8230;\/viewform&#8230;<\/a><br><br><img loading=\"lazy\" decoding=\"async\" width=\"843\" height=\"843\" class=\"wp-image-3626\" style=\"width: 400px; height: 400px\" src=\"https:\/\/www.lagota.ch\/wp-content\/uploads\/walk-of-care.jpg\" alt=\"\" srcset=\"https:\/\/www.lagota.ch\/wp-content\/uploads\/walk-of-care.jpg 843w, https:\/\/www.lagota.ch\/wp-content\/uploads\/walk-of-care-300x300.jpg 300w, https:\/\/www.lagota.ch\/wp-content\/uploads\/walk-of-care-150x150.jpg 150w, https:\/\/www.lagota.ch\/wp-content\/uploads\/walk-of-care-768x768.jpg 768w\" sizes=\"auto, (max-width: 843px) 100vw, 843px\" \/><\/p>\n","protected":false},"excerpt":{"rendered":"<p>Die Pflege setzt sich zur Wehr und tr\u00e4gt ihre Anliegen erneut auf die Strasse, damit sich endlich etwas \u00e4ndert. Komm auch du am 13. April um 17:00 zum M\u00fchleplatz in Luzern und zeige deine Solidarit\u00e4t f\u00fcr die Forderungen des Pflegepersonals. &hellip; <a href=\"https:\/\/www.lagota.ch\/?p=3625\">Continue reading <span class=\"meta-nav\">&rarr;<\/span><\/a><\/p>\n","protected":false},"author":1,"featured_media":0,"comment_status":"closed","ping_status":"open","sticky":false,"template":"","format":"standard","meta":{"footnotes":""},"categories":[14,1214,11,4,108],"tags":[1208,261,1148,1279,1277,1276],"class_list":["post-3625","post","type-post","status-publish","format-standard","hentry","category-arbeitskampf","category-corona","category-luzern","category-veranstaltung","category-wirtschaftskrise","tag-corona","tag-fau","tag-luzern","tag-pflegepersonal","tag-sbk","tag-walk-of-care"],"_links":{"self":[{"href":"https:\/\/www.lagota.ch\/index.php?rest_route=\/wp\/v2\/posts\/3625","targetHints":{"allow":["GET"]}}],"collection":[{"href":"https:\/\/www.lagota.ch\/index.php?rest_route=\/wp\/v2\/posts"}],"about":[{"href":"https:\/\/www.lagota.ch\/index.php?rest_route=\/wp\/v2\/types\/post"}],"author":[{"embeddable":true,"href":"https:\/\/www.lagota.ch\/index.php?rest_route=\/wp\/v2\/users\/1"}],"replies":[{"embeddable":true,"href":"https:\/\/www.lagota.ch\/index.php?rest_route=%2Fwp%2Fv2%2Fcomments&post=3625"}],"version-history":[{"count":4,"href":"https:\/\/www.lagota.ch\/index.php?rest_route=\/wp\/v2\/posts\/3625\/revisions"}],"predecessor-version":[{"id":3630,"href":"https:\/\/www.lagota.ch\/index.php?rest_route=\/wp\/v2\/posts\/3625\/revisions\/3630"}],"wp:attachment":[{"href":"https:\/\/www.lagota.ch\/index.php?rest_route=%2Fwp%2Fv2%2Fmedia&parent=3625"}],"wp:term":[{"taxonomy":"category","embeddable":true,"href":"https:\/\/www.lagota.ch\/index.php?rest_route=%2Fwp%2Fv2%2Fcategories&post=3625"},{"taxonomy":"post_tag","embeddable":true,"href":"https:\/\/www.lagota.ch\/index.php?rest_route=%2Fwp%2Fv2%2Ftags&post=3625"}],"curies":[{"name":"wp","href":"https:\/\/api.w.org\/{rel}","templated":true}]}}