{"id":3657,"date":"2021-05-14T10:33:52","date_gmt":"2021-05-14T09:33:52","guid":{"rendered":"https:\/\/www.lagota.ch\/?p=3657"},"modified":"2021-05-14T10:33:52","modified_gmt":"2021-05-14T09:33:52","slug":"freiheit-fur-mumia-abu-jamal","status":"publish","type":"post","link":"https:\/\/www.lagota.ch\/?p=3657","title":{"rendered":"Freiheit f\u00fcr Mumia Abu-Jamal"},"content":{"rendered":"<p><strong>Transpiaktion: Freiheit f\u00fcr Mumia Abu-Jamal<\/strong><\/p>\n<p><a href=\"https:\/\/www.lagota.ch\/wp-content\/uploads\/Free-Mumia-768x576-1.jpeg\"><img loading=\"lazy\" decoding=\"async\" class=\"alignleft size-full wp-image-3658\" src=\"https:\/\/www.lagota.ch\/wp-content\/uploads\/Free-Mumia-768x576-1.jpeg\" alt=\"\" width=\"768\" height=\"576\" srcset=\"https:\/\/www.lagota.ch\/wp-content\/uploads\/Free-Mumia-768x576-1.jpeg 768w, https:\/\/www.lagota.ch\/wp-content\/uploads\/Free-Mumia-768x576-1-300x225.jpeg 300w\" sizes=\"auto, (max-width: 768px) 100vw, 768px\" \/><\/a><\/p>\n<p>Am Freitag Morgen haben Mitglieder der Gruppe RESolut an der Museggmauer ein Transpi mit der Aufschrift \u00abFree Mumia Abu-Jamal\u00bb aufgeh\u00e4ngt. Damit solidarisieren wir uns mit Mumia und fordern seine sofortige Freilassung.<\/p>\n<p>Seit bald 40 Jahren sitzt der Journalist, Autor und B\u00fcrgerrechtler Mumia Abu\u2014Jamal in Amerika im Knast. Erst sass er in der Todeszelle, 2011 wurde das Urteil in lebenslange Haft umgewandelt. Als Radioreporter machte er sich einen Namen als \u00abThe Voice of the Voiceless\u00bb und berichtete mit und \u00fcber People of Color in der Amerikanischen B\u00fcrgerrechtsbewegung.<\/p>\n<p>Mumias Verfahren verlief alles andere als fair. Die Jury bestand nur aus weissen Perosnen und Zeug*innen wollen den zust\u00e4ndigen Richter Sabo geh\u00f6rt haben, wie er zu der Jury sagte \u00abIch werde Ihnen helfen diesen N**** zu grillen\u00bb. Obwohl Zeugen ihre Aussagen zum Tatvorgang zur\u00fcckgezogen haben und neue Zeug*innen aufgetaucht sind, weigern sich die USA bis heute den Fall neu aufzurollen.<\/p>\n<p>Heute geht es dem 67j\u00e4hrigen Mumia Abu-Jamal sehr schlecht und er braucht unsere Unterst\u00fctzung dringend. 40 Jahre Gef\u00e4ngnisfrass haben zu Typ 2 Diabetes gef\u00fchrt. Ausserdem erkrankte er k\u00fcrzlich am Corona-Virus und musste am Herzen operiert werden. Seine Unterst\u00fctzer*innen fordern deshalb jetzt mehr denn je seine Freilassung. Bleibt Mumia im Knast mit seiner unzureichenden Gesundheitsversorgung, dem Mangel an Bewegung und dem schlechten Essen wird er sterben.<\/p>\n","protected":false},"excerpt":{"rendered":"<p>Transpiaktion: Freiheit f\u00fcr Mumia Abu-Jamal Am Freitag Morgen haben Mitglieder der Gruppe RESolut an der Museggmauer ein Transpi mit der Aufschrift \u00abFree Mumia Abu-Jamal\u00bb aufgeh\u00e4ngt. Damit solidarisieren wir uns mit Mumia und fordern seine sofortige Freilassung. Seit bald 40 Jahren &hellip; <a href=\"https:\/\/www.lagota.ch\/?p=3657\">Continue reading <span class=\"meta-nav\">&rarr;<\/span><\/a><\/p>\n","protected":false},"author":1,"featured_media":0,"comment_status":"closed","ping_status":"open","sticky":false,"template":"","format":"standard","meta":{"footnotes":""},"categories":[49,10,11,15],"tags":[422,50,1148,1151,1288],"class_list":["post-3657","post","type-post","status-publish","format-standard","hentry","category-antirep","category-aus-aller-welt","category-luzern","category-mumia-abu-jamal","tag-aktion","tag-freiheit","tag-luzern","tag-mumia-abu-jamal","tag-transpi"],"_links":{"self":[{"href":"https:\/\/www.lagota.ch\/index.php?rest_route=\/wp\/v2\/posts\/3657","targetHints":{"allow":["GET"]}}],"collection":[{"href":"https:\/\/www.lagota.ch\/index.php?rest_route=\/wp\/v2\/posts"}],"about":[{"href":"https:\/\/www.lagota.ch\/index.php?rest_route=\/wp\/v2\/types\/post"}],"author":[{"embeddable":true,"href":"https:\/\/www.lagota.ch\/index.php?rest_route=\/wp\/v2\/users\/1"}],"replies":[{"embeddable":true,"href":"https:\/\/www.lagota.ch\/index.php?rest_route=%2Fwp%2Fv2%2Fcomments&post=3657"}],"version-history":[{"count":1,"href":"https:\/\/www.lagota.ch\/index.php?rest_route=\/wp\/v2\/posts\/3657\/revisions"}],"predecessor-version":[{"id":3659,"href":"https:\/\/www.lagota.ch\/index.php?rest_route=\/wp\/v2\/posts\/3657\/revisions\/3659"}],"wp:attachment":[{"href":"https:\/\/www.lagota.ch\/index.php?rest_route=%2Fwp%2Fv2%2Fmedia&parent=3657"}],"wp:term":[{"taxonomy":"category","embeddable":true,"href":"https:\/\/www.lagota.ch\/index.php?rest_route=%2Fwp%2Fv2%2Fcategories&post=3657"},{"taxonomy":"post_tag","embeddable":true,"href":"https:\/\/www.lagota.ch\/index.php?rest_route=%2Fwp%2Fv2%2Ftags&post=3657"}],"curies":[{"name":"wp","href":"https:\/\/api.w.org\/{rel}","templated":true}]}}