{"id":3664,"date":"2021-05-24T09:59:29","date_gmt":"2021-05-24T08:59:29","guid":{"rendered":"https:\/\/www.lagota.ch\/?p=3664"},"modified":"2021-05-24T09:59:29","modified_gmt":"2021-05-24T08:59:29","slug":"pfingsten-wird-heis","status":"publish","type":"post","link":"https:\/\/www.lagota.ch\/?p=3664","title":{"rendered":"Pfingsten wird hei\u00df"},"content":{"rendered":"\n<p><strong>Gegen Planlosigkeit und Ineffizienz: Italiens Linke vereint im Protest gegen Weltgesundheitsgipfel der \u00bbG 20\u00ab<\/strong><br><br><\/p>\n\n\n\n<p>Italien erlebt ein hei\u00dfes Pfingsten. \u00dcber 50 Organisationen und Pers\u00f6nlichkeiten der Linken, die dieses Pr\u00e4dikat noch f\u00fcr sich in Anspruch nehmen k\u00f6nnen, hatten in einem gemeinsamen Appell zu Protestaktionen gegen den in Rom am Freitag von Italiens Premier Mario Draghi und EU-Kommisionspr\u00e4sidentin Ursula von der Leyen er\u00f6ffneten Weltgesundheitsgipfel der \u00bbG 20\u00ab aufgerufen.<\/p>\n\n\n\n<p>Darin prangern die Unterzeichner die Auswirkungen der Politik der \u00bb20&nbsp;wichtigsten Industrie- und Schwellenl\u00e4nder\u00ab sowie der italienischen Regierung des fr\u00fcheren EZB-Chefs \u00adDraghi w\u00e4hrend der Coronapandemie an. \u00bbDie Pandemie hat die Planlosigkeit und Ineffizienz des Gesundheitswesens gezeigt, wenn es auf Gewinn und Markt setzt\u00ab, hei\u00dft es in dem Appell. Die Regierungen der reichsten L\u00e4nder der Welt werden anklagt, mit fast drei Millionen Infizierten und 500.000 Toten \u00bbein beispielloses Massaker\u00ab angerichtet zu haben.<\/p>\n\n\n\n<p>Der Aufruf wird getragen von einer antikapitalistischen Linken, die von der Partei Potere al Popolo \u00fcber Gewerkschaften, Verb\u00e4nde und Friedens-, Frauen-, Studierenden- und Sch\u00fclerorganisationen bis zu solchen von Immigranten und Umweltsch\u00fctzern reicht. Die pal\u00e4stinensische Gemeinschaft von Rom und des Latiums hat angek\u00fcndigt, in gro\u00dfer Zahl teilzunehmen. Teilnehmen wollen auch die Kommunisten, die den alten Namen des Partito Comunista Italiano (PCI) von Palmiro Togliatti und Antonio Gramsci f\u00fchren, die Partei der kommunistischen Wiedergr\u00fcndung (Rifondazione Comunista, PRC) und die der IV. trotzkistischen Internationale angeh\u00f6rende Kommunistische Arbeiterpartei (PCL). Initiator des Aufrufs, der unerwartet starke Zustimmung fand, war das kommunistische Onlineportal <em>Contropiano<\/em>.<\/p>\n\n\n\n<p>Unter den \u00fcber 30 Pers\u00f6nlichkeiten, die den Aufruf unterzeichneten, befinden sich namhafte Wissenschaftler, Schriftsteller und K\u00fcnstler verschiedener Disziplinen, darunter Angelo Barraca, renommierter Forscher der Grundlagen der Quantenmechanik und Elementarteilchenphysik. Der Atomwaffengegner ist auch ein Kritiker der Rolle, die dieWissenschaft im Dienst der kapitalistischen Gesellschaft einnimmt, und setzt sich in sozialen Auseinandersetzungen f\u00fcr die Rechte der Arbeiter ein.<\/p>\n\n\n\n<p>Die Protestdemonstrationen und Kundgebungen erfassen alle Regionalhauptst\u00e4dte und Dutzende weitere St\u00e4dte. H\u00f6hepunkt soll in Rom am Sonnabend eine landesweite Demonstration sein, zu der sich Teilnehmer aus anderen St\u00e4dten angek\u00fcndigt haben. Sie steht unter der Losung \u00bbImpfstoffe, \u00f6ffentliche Gesundheit und soziale Gerechtigkeit f\u00fcr alle\u00ab. Nach einem Aufruf der Basisgewerkschaft USB legten am Freitag landesweit Mitarbeiter des Gesundheitswesens die Arbeit nieder, um gegen den Gipfel der \u00bbG&nbsp;20\u00abzu protestieren und ein Modell zu fordern, das den Bed\u00fcrfnissen der Bev\u00f6lkerung dient und territoriale Ungleichheiten beseitigt.<\/p>\n\n\n\n<p>Der marxistische Intellektuelle Stefano Azzar\u00e1, Professor an der Universit\u00e4t Urbino, sieht in diesen Kampfaktionen nach einem Jahrzehnt der Spaltung \u00bbein erstes wichtiges Signal zum Wiederaufbau der Einheit der Linken und der Kommunisten\u00ab. Diese Linke widersetze sich, so Azzar\u00e1 gegen\u00fcber <em>jW<\/em>, \u00bbder Verschiebung des politischen Rahmens nach rechts, wie sie von der Regierung Draghi betrieben wird\u00ab. Diese Regierung nutze \u00bbdie Gelder des EU-Wiederaufbaufonds \u00fcberwiegend zur Finanzierung der Unternehmen, w\u00e4hrend die Rechte der Arbeiter weiter beseitigt werden und die Verarmung zunimmt\u00ab. Der jetzt einsetzende Prozess der Verst\u00e4ndigung erm\u00f6gliche, \u00bbeine autonome politische Front ins Leben zu rufen, die die Rechte der Arbeiter verteidigt, der \u00dcbermacht des Kapitals entgegentritt, f\u00fcr den vom Imperialismus bedrohten Frieden k\u00e4mpft und jeder Form der Diskriminierung Einhalt gebietet\u00ab.<br><br>Quelle: <a href=\"https:\/\/www.jungewelt.de\/artikel\/402874.pandemie-und-kapital-pfingsten-wird-hei%C3%9F.html\">https:\/\/www.jungewelt.de\/artikel\/402874.pandemie-und-kapital-pfingsten-wird-hei%C3%9F.html<\/a><\/p>\n\n\n\n<p><br><br><\/p>\n","protected":false},"excerpt":{"rendered":"<p>Gegen Planlosigkeit und Ineffizienz: Italiens Linke vereint im Protest gegen Weltgesundheitsgipfel der \u00bbG 20\u00ab Italien erlebt ein hei\u00dfes Pfingsten. \u00dcber 50 Organisationen und Pers\u00f6nlichkeiten der Linken, die dieses Pr\u00e4dikat noch f\u00fcr sich in Anspruch nehmen k\u00f6nnen, hatten in einem gemeinsamen &hellip; <a href=\"https:\/\/www.lagota.ch\/?p=3664\">Continue reading <span class=\"meta-nav\">&rarr;<\/span><\/a><\/p>\n","protected":false},"author":1,"featured_media":0,"comment_status":"closed","ping_status":"open","sticky":false,"template":"","format":"standard","meta":{"footnotes":""},"categories":[14,10,108],"tags":[972,109,1292,111],"class_list":["post-3664","post","type-post","status-publish","format-standard","hentry","category-arbeitskampf","category-aus-aller-welt","category-wirtschaftskrise","tag-g20","tag-italien","tag-linke","tag-protest"],"_links":{"self":[{"href":"https:\/\/www.lagota.ch\/index.php?rest_route=\/wp\/v2\/posts\/3664","targetHints":{"allow":["GET"]}}],"collection":[{"href":"https:\/\/www.lagota.ch\/index.php?rest_route=\/wp\/v2\/posts"}],"about":[{"href":"https:\/\/www.lagota.ch\/index.php?rest_route=\/wp\/v2\/types\/post"}],"author":[{"embeddable":true,"href":"https:\/\/www.lagota.ch\/index.php?rest_route=\/wp\/v2\/users\/1"}],"replies":[{"embeddable":true,"href":"https:\/\/www.lagota.ch\/index.php?rest_route=%2Fwp%2Fv2%2Fcomments&post=3664"}],"version-history":[{"count":1,"href":"https:\/\/www.lagota.ch\/index.php?rest_route=\/wp\/v2\/posts\/3664\/revisions"}],"predecessor-version":[{"id":3665,"href":"https:\/\/www.lagota.ch\/index.php?rest_route=\/wp\/v2\/posts\/3664\/revisions\/3665"}],"wp:attachment":[{"href":"https:\/\/www.lagota.ch\/index.php?rest_route=%2Fwp%2Fv2%2Fmedia&parent=3664"}],"wp:term":[{"taxonomy":"category","embeddable":true,"href":"https:\/\/www.lagota.ch\/index.php?rest_route=%2Fwp%2Fv2%2Fcategories&post=3664"},{"taxonomy":"post_tag","embeddable":true,"href":"https:\/\/www.lagota.ch\/index.php?rest_route=%2Fwp%2Fv2%2Ftags&post=3664"}],"curies":[{"name":"wp","href":"https:\/\/api.w.org\/{rel}","templated":true}]}}