{"id":3666,"date":"2021-05-26T07:28:46","date_gmt":"2021-05-26T06:28:46","guid":{"rendered":"https:\/\/www.lagota.ch\/?p=3666"},"modified":"2021-05-26T07:29:47","modified_gmt":"2021-05-26T06:29:47","slug":"antikriegsdemo-in-luzern","status":"publish","type":"post","link":"https:\/\/www.lagota.ch\/?p=3666","title":{"rendered":"AntiKriegsDemo in Luzern"},"content":{"rendered":"\n<p><strong>Hoch die grenzenlose Solidarit\u00e4t!<\/strong><\/p>\n\n\n\n<p>Blutige Konflikte sind zurzeit \u00fcberall auf den Erdball zu finden.<\/p>\n\n\n\n<p><img loading=\"lazy\" decoding=\"async\" width=\"1086\" height=\"1536\" class=\"wp-image-3667\" style=\"width: 400px; height: 600px\" src=\"https:\/\/www.lagota.ch\/wp-content\/uploads\/friedenfueralle.jpg\" alt=\"\" srcset=\"https:\/\/www.lagota.ch\/wp-content\/uploads\/friedenfueralle.jpg 1086w, https:\/\/www.lagota.ch\/wp-content\/uploads\/friedenfueralle-212x300.jpg 212w, https:\/\/www.lagota.ch\/wp-content\/uploads\/friedenfueralle-724x1024.jpg 724w, https:\/\/www.lagota.ch\/wp-content\/uploads\/friedenfueralle-768x1086.jpg 768w\" sizes=\"auto, (max-width: 1086px) 100vw, 1086px\" \/><br><br>Raketen fliegen zwischen Israel und Pal\u00e4stina hin und her. In Kolumbien sowie in Myanmar werden Menschen des Widerstands mit milit\u00e4rischer Gewalt get\u00f6tet. Erdogan begeht immer noch Genozid an den Kurd:innnen, Marokko unterdr\u00fcckt die Westsahara und Kongo verharrt seit \u00fcber 20 Jahren in einem blutigen Konflikt \u00fcber die Bodensch\u00e4tze. Leider ist diese Aufz\u00e4hlung nicht abschliessend, es gibt noch viele weitere Konflikte und Kriege.<\/p>\n\n\n\n<p>Die Ursachen f\u00fcr solche Konflikte sind oft geschichtlich und sozio-politisch verkn\u00fcpft, sie f\u00fchren auf alte Konflikte zur\u00fcck, die nie richtig aufgearbeitet wurden. Es sind postkolonialistische \u00dcberbleibsel, aber auch die faschistische Vergangenheit ausgehend von Europa holt uns alle immer wieder ein.<\/p>\n\n\n\n<p>Fakt ist, dass die Schweiz hier nie eine unschuldige Rolle spielt. Oft haben Schweizer Firmen \u00f6konomische Vertr\u00e4ge mit den M\u00e4chtigen, welche die Konflikte anf\u00fchren. Zudem ist die Schweiz Waffenh\u00e4ndlerin, sie stellt die Waffen in der Schweiz her und exportiert sie. Die Schweiz profitiert also vom Elend dieser Konflikte. So viel zur Schweizer Neutralit\u00e4t und Transparenz.<\/p>\n\n\n\n<p>Es ist unser kapitalistisches hierarchisches System, dass Menschen in jene Menschen unterteilt, in diejenigen die unterdr\u00fccken und die die unterdr\u00fcckt werden. Das System beg\u00fcnstigt Kriege und ungerechte Machtverteilung. So dass wenige Menschen sehr hohe hierarchische Machtstellung geniessen, w\u00e4hrend andere um ihre Existenz k\u00e4mpfen m\u00fcssen. Lasst uns diese Ungerechtigkeit bek\u00e4mpfen!<\/p>\n\n\n\n<p>Wir fordern von der Schweiz Transparenz und den Stopp von Waffenexport. Die Schweiz muss damit aufh\u00f6ren Firmen, welche mit den m\u00e4chtigen Kriegsherren Handel betreiben zu unterst\u00fctzen. Stattdessen soll sie hinschauen sich mit den unterdr\u00fcckten Menschen solidarisieren und allenfalls Sanktionen aussprechen. Die Schweiz muss endlich anfangen sich einzugestehen, dass sie ein Teil des Problems ist und dass wir vieles aufarbeiten m\u00fcssen, wie zum Beispiel die Vergangenheit des Kolonialismus.<\/p>\n\n\n\n<p>Wir rufen zu Demonstration auf, weil wir nicht die Augen verschliessen wollen. Weil wir wissen, dass eine andere Welt m\u00f6glich ist. Eine Friedliche Welt. Denn sie ist unsere Welt und geh\u00f6rt nicht den wenigen M\u00e4chtigen!<\/p>\n\n\n\n<p>Lasst uns mit den Menschen solidarisieren, welche sich mutig gegen die ausbeuterischen Machtstrukturen und Institutionen stellen. Lasst uns gemeinsam laut gegen ein kapitalistisches System protestieren, welches uns immer wieder in die Knie zwingt. Lasst uns an die Menschen gedenken, welche ihr Leben in diesen Kriegen verloren haben.<\/p>\n\n\n\n<p>Bringt eure lautesten Stimmen, die \u00abh\u00e4ssigst\u00e4\u00bb Parolen und die buntesten Transparente mit.<\/p>\n\n\n\n<p>Denn es geht um Frieden F\u00dcR ALLE und Krieg F\u00dcR KEINE!<\/p>\n","protected":false},"excerpt":{"rendered":"<p>Hoch die grenzenlose Solidarit\u00e4t! Blutige Konflikte sind zurzeit \u00fcberall auf den Erdball zu finden. Raketen fliegen zwischen Israel und Pal\u00e4stina hin und her. In Kolumbien sowie in Myanmar werden Menschen des Widerstands mit milit\u00e4rischer Gewalt get\u00f6tet. Erdogan begeht immer noch &hellip; <a href=\"https:\/\/www.lagota.ch\/?p=3666\">Continue reading <span class=\"meta-nav\">&rarr;<\/span><\/a><\/p>\n","protected":false},"author":1,"featured_media":0,"comment_status":"closed","ping_status":"open","sticky":false,"template":"","format":"standard","meta":{"footnotes":""},"categories":[10,713,11,1170,16,4],"tags":[932,415,212,160,1293,1152,1294],"class_list":["post-3666","post","type-post","status-publish","format-standard","hentry","category-aus-aller-welt","category-kurdistan","category-luzern","category-rojava","category-schweiz","category-veranstaltung","tag-faschismus","tag-frieden","tag-kolumbien","tag-krieg","tag-myanmar","tag-schweiz","tag-waffengeschafte"],"_links":{"self":[{"href":"https:\/\/www.lagota.ch\/index.php?rest_route=\/wp\/v2\/posts\/3666","targetHints":{"allow":["GET"]}}],"collection":[{"href":"https:\/\/www.lagota.ch\/index.php?rest_route=\/wp\/v2\/posts"}],"about":[{"href":"https:\/\/www.lagota.ch\/index.php?rest_route=\/wp\/v2\/types\/post"}],"author":[{"embeddable":true,"href":"https:\/\/www.lagota.ch\/index.php?rest_route=\/wp\/v2\/users\/1"}],"replies":[{"embeddable":true,"href":"https:\/\/www.lagota.ch\/index.php?rest_route=%2Fwp%2Fv2%2Fcomments&post=3666"}],"version-history":[{"count":3,"href":"https:\/\/www.lagota.ch\/index.php?rest_route=\/wp\/v2\/posts\/3666\/revisions"}],"predecessor-version":[{"id":3670,"href":"https:\/\/www.lagota.ch\/index.php?rest_route=\/wp\/v2\/posts\/3666\/revisions\/3670"}],"wp:attachment":[{"href":"https:\/\/www.lagota.ch\/index.php?rest_route=%2Fwp%2Fv2%2Fmedia&parent=3666"}],"wp:term":[{"taxonomy":"category","embeddable":true,"href":"https:\/\/www.lagota.ch\/index.php?rest_route=%2Fwp%2Fv2%2Fcategories&post=3666"},{"taxonomy":"post_tag","embeddable":true,"href":"https:\/\/www.lagota.ch\/index.php?rest_route=%2Fwp%2Fv2%2Ftags&post=3666"}],"curies":[{"name":"wp","href":"https:\/\/api.w.org\/{rel}","templated":true}]}}